{"id":45692,"date":"2018-11-17T17:04:48","date_gmt":"2018-11-17T17:04:48","guid":{"rendered":"https:\/\/notitodo.com.mx\/wp\/?p=45692"},"modified":"2018-11-17T17:04:48","modified_gmt":"2018-11-17T17:04:48","slug":"entregan-una-patrulla-mas-con-las-caracteristicas-requeridas-para-espacios-rurales","status":"publish","type":"post","link":"https:\/\/notitodo.com.mx\/wp\/entregan-una-patrulla-mas-con-las-caracteristicas-requeridas-para-espacios-rurales\/","title":{"rendered":"Entregan una patrulla m\u00e1s con las caracter\u00edsticas requeridas para espacios rurales"},"content":{"rendered":"<p>Con el compromiso de combatir la delincuencia y darle seguridad a las familias en el municipio de La Cruz, el presidente, Adolfo Trillo, hace algunos meses dio el veh\u00edculo oficial que \u00e9l est\u00e1 usando al departamento de seguridad p\u00fablica, ya que ante uno de los trabajos realizados por esta dependencia una de las patrullas se vio afectada.<\/p>\n<p>Cabe mencionar que en este acto mencionado se pudieron detener a personas que ven\u00edan huyendo desde la ciudad de Ojinaga que pasaron por Camargo y fue en el municipio de La Cruz, donde polic\u00edas intr\u00e9pidos detuvieron a los delincuentes dejando en malas condiciones una de las patrullas, sin embargo, el alcalde otorg\u00f3 la unidad que \u00e9l estaba utilizando al<\/p>\n<p><!--more--><\/p>\n<p>departamento polic\u00edaco para que no se viera afectan a la flotilla y el continuar\u00eda usando un veh\u00edculo particular.<\/p>\n<p>Este martes en el alcalde, Adolfo Trillo, entrego una camioneta modelo 2019 a los elementos de seguridad p\u00fablica, est\u00e1 servir\u00e1 para brindar el apoyo y la vigilancia a los ciudadanos, adem\u00e1s, mencion\u00f3 que es gracias al apoyo del gobernador del estado, es que se ha otorgado esta unidad como patrulla al municipio.<\/p>\n<p>El director de la polic\u00eda estuvo presente en el evento y coment\u00f3 que esto viene a engrandecer el compromiso polic\u00edaco que tienen, mientras tanto el alcalde, dijo, que hay cosas grandes que vienen para el municipio cosas que no se han visto en los \u00faltimos 30 a\u00f1os ya que a lo largo de varias d\u00e9cadas el municipio a sido olvidado y en la actualidad el alcalde est\u00e1 haciendo respaldado por el gobierno estatal para que \u00e9ste tenga un desarrollo, adem\u00e1s de las diferentes gestiones que se realizan para lograr un crecimiento para la poblaci\u00f3n.<\/p>\n","protected":false},"excerpt":{"rendered":"<p>Con el compromiso de combatir la delincuencia y darle seguridad a las familias en el municipio de La Cruz, el presidente, Adolfo Trillo, hace algunos meses dio el veh\u00edculo oficial que \u00e9l est\u00e1 usando al departamento de seguridad p\u00fablica, ya que ante uno de los trabajos realizados por esta dependencia una de las patrullas se [&hellip;]<\/p>\n","protected":false},"author":5,"featured_media":45694,"comment_status":"open","ping_status":"open","sticky":false,"template":"","format":"standard","meta":{"footnotes":""},"categories":[7],"tags":[],"class_list":["post-45692","post","type-post","status-publish","format-standard","has-post-thumbnail","hentry","category-estatales"],"views":25,"_links":{"self":[{"href":"https:\/\/notitodo.com.mx\/wp\/wp-json\/wp\/v2\/posts\/45692","targetHints":{"allow":["GET"]}}],"collection":[{"href":"https:\/\/notitodo.com.mx\/wp\/wp-json\/wp\/v2\/posts"}],"about":[{"href":"https:\/\/notitodo.com.mx\/wp\/wp-json\/wp\/v2\/types\/post"}],"author":[{"embeddable":true,"href":"https:\/\/notitodo.com.mx\/wp\/wp-json\/wp\/v2\/users\/5"}],"replies":[{"embeddable":true,"href":"https:\/\/notitodo.com.mx\/wp\/wp-json\/wp\/v2\/comments?post=45692"}],"version-history":[{"count":1,"href":"https:\/\/notitodo.com.mx\/wp\/wp-json\/wp\/v2\/posts\/45692\/revisions"}],"predecessor-version":[{"id":45695,"href":"https:\/\/notitodo.com.mx\/wp\/wp-json\/wp\/v2\/posts\/45692\/revisions\/45695"}],"wp:featuredmedia":[{"embeddable":true,"href":"https:\/\/notitodo.com.mx\/wp\/wp-json\/wp\/v2\/media\/45694"}],"wp:attachment":[{"href":"https:\/\/notitodo.com.mx\/wp\/wp-json\/wp\/v2\/media?parent=45692"}],"wp:term":[{"taxonomy":"category","embeddable":true,"href":"https:\/\/notitodo.com.mx\/wp\/wp-json\/wp\/v2\/categories?post=45692"},{"taxonomy":"post_tag","embeddable":true,"href":"https:\/\/notitodo.com.mx\/wp\/wp-json\/wp\/v2\/tags?post=45692"}],"curies":[{"name":"wp","href":"https:\/\/api.w.org\/{rel}","templated":true}]}}