{"id":45560,"date":"2018-11-13T16:40:15","date_gmt":"2018-11-13T16:40:15","guid":{"rendered":"https:\/\/notitodo.com.mx\/wp\/?p=45560"},"modified":"2018-11-13T16:40:15","modified_gmt":"2018-11-13T16:40:15","slug":"entrega-estado-equipo-para-rellenos-sanitarios-de-madera-y-ahumada","status":"publish","type":"post","link":"https:\/\/notitodo.com.mx\/wp\/entrega-estado-equipo-para-rellenos-sanitarios-de-madera-y-ahumada\/","title":{"rendered":"ENTREGA ESTADO EQUIPO PARA RELLENOS SANITARIOS DE MADERA Y AHUMADA"},"content":{"rendered":"<p>Con una inversi\u00f3n de 600 mil d\u00f3lares, m\u00e1s de 28 mil 500 habitantes de los municipios de Madera y Ahumada se beneficiar\u00e1n con la dotaci\u00f3n de equipamiento para relleno sanitario que hizo el Gobierno del Estado a trav\u00e9s de la Secretar\u00eda de Desarrollo Urbano y Ecolog\u00eda<\/p>\n<p>El gobernador Javier Corral Jurado explic\u00f3 que la inversi\u00f3n fue posible gracias a la gesti\u00f3n que realizaron el Estado y los municipios con el Banco de Desarrollo de Am\u00e9rica del Norte (BDAN), a trav\u00e9s del Programa de Atenci\u00f3n a Comunidades, que permitir\u00e1 prestar el servicio de recolecci\u00f3n de residuos a 17 mil 50 habitantes en Madera y 11 mil 457 en Ahumada, as\u00ed como a las comunidades aleda\u00f1as.<\/p>\n<p>Anteriormente se hab\u00eda entregado equipamiento para el relleno sanitario de Nuevo Casas Grandes, con una inversi\u00f3n de 500 mil d\u00f3lares.<\/p>\n<p>\u201cCon este equipamiento buscamos contribuir a que los municipios realicen una gesti\u00f3n adecuada de la basura, evitando la mala disposici\u00f3n de los residuos, reduciendo el riesgo de contaminaci\u00f3n del suelo, de aguas subterr\u00e1neas y da\u00f1os a la salud\u201d, indic\u00f3.<\/p>\n<p>Refiri\u00f3 que esta medida contribuye al objetivo planteado en el Plan Estatal de Desarrollo, a fin de promover el cuidado del medio ambiente como un derecho humano que garantiza el desarrollo integral, inclusivo y sustentable.<\/p>\n<p>Si no se cuida el desarrollo sustentable y sostenible, poco margen se dar\u00e1 al ejercicio de otros desarrollos, ya que si no se cuida la salud, el medio ambiente y los suelos, se atenta contra el ejercicio de los dem\u00e1s derechos, sostuvo.<\/p>\n<p>\u201cEn un medio ambiente sano se pueden proteger los otros desarrollos humanos\u201d, puntualiz\u00f3.<\/p>\n<p>Se\u00f1al\u00f3 que el gran objetivo es convertir residuos en recursos y activos, que los s\u00f3lidos sean utilizados y valorizados para la producci\u00f3n de energ\u00eda.<\/p>\n<p>Indic\u00f3 que la administraci\u00f3n que encabeza trabaja con los ayuntamientos para clausurar los tiraderos a cielo abierto y construir rellenos sanitarios con el respaldo de fondos federales otorgados por la Secretar\u00eda de Medio Ambiente y Recursos Naturales (Semarnat), as\u00ed como recursos municipales y de organismos internacionales como el BBDAN en proyectos ambientales.<\/p>\n<p>Record\u00f3 que hace un par de semanas recibi\u00f3 a la pr\u00f3xima secretaria de Semarnat, Josefa Gonz\u00e1lez Blanco Ortiz Mena, y tuvieron varias reuniones de trabajo en la sierra de Chihuahua, con el objetivo principal del cuidado y protecci\u00f3n del bosque ante la tala inmoderada.<\/p>\n<p>En esas reuniones se le presentaron proyectos de protecci\u00f3n y defensa del medio ambiente y se incluy\u00f3 como tema prioritario el relleno sanitario que con la experiencia de gesti\u00f3n con el BDAN, mostr\u00f3 la futura secretaria gran inter\u00e9s en el programa de saneamiento y clausura definitiva de basureros a cielo abierto.<\/p>\n<p>El mandatario estatal dio a conocer que la Organizaci\u00f3n de las Naciones Unidas (ONU), en su \u00faltimo reporte sobre el cambio clim\u00e1tico envi\u00f3 una<\/p>\n<p><!--more--><\/p>\n<p>alerta, ya que si no se disminuye la emisi\u00f3n de gases de efecto invernadero, que han provocado la elevaci\u00f3n de un grado cent\u00edgrado (\u00b0C) de la temperatura global, \u00e9sta aumentar\u00e1 hasta 1.5\u00b0C entre el 2030 y 2050, generando efectos catastr\u00f3ficos.<\/p>\n<p>Reiter\u00f3 que a doce a\u00f1os el riesgo est\u00e1 frente a nosotros, por lo que es nuestra obligaci\u00f3n social, moral, hist\u00f3rica y como generaci\u00f3n definir acciones a fin de evitar los efectos catastr\u00f3ficos.<\/p>\n<p>\u201cSomos la generaci\u00f3n en la historia de la humanidad con el mayor numero de informaci\u00f3n sobre las consecuencias del cambio clim\u00e1tico y, a la vez, somos la generaci\u00f3n que poco ha hecho frente al conocimiento y la informaci\u00f3n que tiene y ese es el tama\u00f1o de la responsabilidad que tenemos\u201d, afirm\u00f3.<\/p>\n<p>En ese sentido, los cient\u00edficos de la ONU han urgido un cambio radical para evitar la cat\u00e1strofe, por lo que los Gobiernos en absoluta colaboraci\u00f3n de la ciudadan\u00eda estan obligados a tomar medidas que limiten los problemas ambientales, indic\u00f3 Javier Corral.<\/p>\n<p>Por tal motivo, se ha hecho particular \u00e9nfasis en acciones que permitan reducir los impactos ambientales, generados por un manejo inadecuado de los residuos en vertederos a cielo abierto.<\/p>\n<p>&#8220;Tenemos que empezar a cumplir nuestra responsabilidad hist\u00f3rica como generaci\u00f3n informada sobre el cambio clim\u00e1tico y hacer nuestra parte para dejar un mundo habitable a las nuevas generaciones&#8221;, concluy\u00f3.<br \/>\nLos alcaldes de Ahumada y Madera, Juan de Dios Valle Camacho y Jaime Torres Amaya respectivamente, agradecieron el apoyo que ha gestionado el Gobierno del Estado en colaboraci\u00f3n con el BDAN, para mejorar la calidad de vida de las comunidades y se comprometieron a continuar trabajando para la concientizaci\u00f3n a trav\u00e9s de los estudiantes para reducir la contaminaci\u00f3n y el desecho de basura.<\/p>\n<p>Finalmente el Gobernador hizo la entrega simb\u00f3lica de los cheques correspondientes a la maquinaria para cada uno de los municipios, con un monto de 5 millones 80 mil 710.78 pesos cada uno.<\/p>\n<p>El equipamiento consta de un mini cargador con retroexcavadora, camiones de volteo, camiones cisterna y equipos adicionales para la operaci\u00f3n de los rellenos sanitarios.<\/p>\n","protected":false},"excerpt":{"rendered":"<p>Con una inversi\u00f3n de 600 mil d\u00f3lares, m\u00e1s de 28 mil 500 habitantes de los municipios de Madera y Ahumada se beneficiar\u00e1n con la dotaci\u00f3n de equipamiento para relleno sanitario que hizo el Gobierno del Estado a trav\u00e9s de la Secretar\u00eda de Desarrollo Urbano y Ecolog\u00eda El gobernador Javier Corral Jurado explic\u00f3 que la inversi\u00f3n [&hellip;]<\/p>\n","protected":false},"author":5,"featured_media":45562,"comment_status":"open","ping_status":"open","sticky":false,"template":"","format":"standard","meta":{"footnotes":""},"categories":[7],"tags":[],"class_list":["post-45560","post","type-post","status-publish","format-standard","has-post-thumbnail","hentry","category-estatales"],"views":3,"_links":{"self":[{"href":"https:\/\/notitodo.com.mx\/wp\/wp-json\/wp\/v2\/posts\/45560","targetHints":{"allow":["GET"]}}],"collection":[{"href":"https:\/\/notitodo.com.mx\/wp\/wp-json\/wp\/v2\/posts"}],"about":[{"href":"https:\/\/notitodo.com.mx\/wp\/wp-json\/wp\/v2\/types\/post"}],"author":[{"embeddable":true,"href":"https:\/\/notitodo.com.mx\/wp\/wp-json\/wp\/v2\/users\/5"}],"replies":[{"embeddable":true,"href":"https:\/\/notitodo.com.mx\/wp\/wp-json\/wp\/v2\/comments?post=45560"}],"version-history":[{"count":1,"href":"https:\/\/notitodo.com.mx\/wp\/wp-json\/wp\/v2\/posts\/45560\/revisions"}],"predecessor-version":[{"id":45563,"href":"https:\/\/notitodo.com.mx\/wp\/wp-json\/wp\/v2\/posts\/45560\/revisions\/45563"}],"wp:featuredmedia":[{"embeddable":true,"href":"https:\/\/notitodo.com.mx\/wp\/wp-json\/wp\/v2\/media\/45562"}],"wp:attachment":[{"href":"https:\/\/notitodo.com.mx\/wp\/wp-json\/wp\/v2\/media?parent=45560"}],"wp:term":[{"taxonomy":"category","embeddable":true,"href":"https:\/\/notitodo.com.mx\/wp\/wp-json\/wp\/v2\/categories?post=45560"},{"taxonomy":"post_tag","embeddable":true,"href":"https:\/\/notitodo.com.mx\/wp\/wp-json\/wp\/v2\/tags?post=45560"}],"curies":[{"name":"wp","href":"https:\/\/api.w.org\/{rel}","templated":true}]}}