{"id":44821,"date":"2018-11-07T13:44:19","date_gmt":"2018-11-07T13:44:19","guid":{"rendered":"https:\/\/notitodo.com.mx\/wp\/?p=44821"},"modified":"2018-11-07T13:44:19","modified_gmt":"2018-11-07T13:44:19","slug":"universidad-tecnologica-de-parral-y-cobach-firman-convenio-de-colaboracion","status":"publish","type":"post","link":"https:\/\/notitodo.com.mx\/wp\/universidad-tecnologica-de-parral-y-cobach-firman-convenio-de-colaboracion\/","title":{"rendered":"UNIVERSIDAD TECNOL\u00d3GICA DE PARRAL Y COBACH FIRMAN CONVENIO DE COLABORACI\u00d3N"},"content":{"rendered":"<p>La Universidad Tecnol\u00f3gica de Parral (UTP) y el plantel n\u00famero 12 del Colegio de Bachilleres del Estado de Chihuahua (Cobach), firmaron un convenio de colaboraci\u00f3n en beneficio de la comunidad escolar de ambas instituciones.<\/p>\n<p>El acuerdo fue signado por la rectora de la UTP, Nora Elena Bueno Gardea y la directora general del Cobach, Mar\u00eda Teresa Ortu\u00f1o Gurza, en la sala de juntas del edificio de Gobierno del Estado en esta ciudad.<\/p>\n<p>Bueno Gardea se\u00f1al\u00f3 que muchos de los estudiantes de esta universidad son egresados del Cobach n\u00famero 12, por lo cual este acto resulta de gran importancia.<\/p>\n<p>El convenio permitir\u00e1 el uso de los laboratorios de la UTP para fines de capacitaci\u00f3n e investigaci\u00f3n, adem\u00e1s se ofertar\u00e1n becas de<\/p>\n<p><!--more--><\/p>\n<p>inscripci\u00f3n al personal administrativo del Cobach que desee realizar estudios en el sistema educativo despresurizado.<\/p>\n<p>Asimismo, la universidad brindar\u00e1 una beca del 50 por ciento en cursos de ingl\u00e9s y franc\u00e9s para estudiantes, as\u00ed como personal docente y administrativo del Colegio de Bachilleres, entre otros beneficios.<\/p>\n<p>La rectora manifest\u00f3 que la Universidad Tecnol\u00f3gica de Parral tiene el firme compromiso de ofertar programas educativos de calidad y con alta demanda laboral, adem\u00e1s de permitir el acceso a estudios superiores con la encomienda de que ning\u00fan tipo de factor debe ser impedimento para lograr el crecimiento profesional de las personas.<\/p>\n","protected":false},"excerpt":{"rendered":"<p>La Universidad Tecnol\u00f3gica de Parral (UTP) y el plantel n\u00famero 12 del Colegio de Bachilleres del Estado de Chihuahua (Cobach), firmaron un convenio de colaboraci\u00f3n en beneficio de la comunidad escolar de ambas instituciones. El acuerdo fue signado por la rectora de la UTP, Nora Elena Bueno Gardea y la directora general del Cobach, Mar\u00eda [&hellip;]<\/p>\n","protected":false},"author":5,"featured_media":44823,"comment_status":"open","ping_status":"open","sticky":false,"template":"","format":"standard","meta":{"footnotes":""},"categories":[15],"tags":[],"class_list":["post-44821","post","type-post","status-publish","format-standard","has-post-thumbnail","hentry","category-educacion"],"views":17,"_links":{"self":[{"href":"https:\/\/notitodo.com.mx\/wp\/wp-json\/wp\/v2\/posts\/44821","targetHints":{"allow":["GET"]}}],"collection":[{"href":"https:\/\/notitodo.com.mx\/wp\/wp-json\/wp\/v2\/posts"}],"about":[{"href":"https:\/\/notitodo.com.mx\/wp\/wp-json\/wp\/v2\/types\/post"}],"author":[{"embeddable":true,"href":"https:\/\/notitodo.com.mx\/wp\/wp-json\/wp\/v2\/users\/5"}],"replies":[{"embeddable":true,"href":"https:\/\/notitodo.com.mx\/wp\/wp-json\/wp\/v2\/comments?post=44821"}],"version-history":[{"count":1,"href":"https:\/\/notitodo.com.mx\/wp\/wp-json\/wp\/v2\/posts\/44821\/revisions"}],"predecessor-version":[{"id":44824,"href":"https:\/\/notitodo.com.mx\/wp\/wp-json\/wp\/v2\/posts\/44821\/revisions\/44824"}],"wp:featuredmedia":[{"embeddable":true,"href":"https:\/\/notitodo.com.mx\/wp\/wp-json\/wp\/v2\/media\/44823"}],"wp:attachment":[{"href":"https:\/\/notitodo.com.mx\/wp\/wp-json\/wp\/v2\/media?parent=44821"}],"wp:term":[{"taxonomy":"category","embeddable":true,"href":"https:\/\/notitodo.com.mx\/wp\/wp-json\/wp\/v2\/categories?post=44821"},{"taxonomy":"post_tag","embeddable":true,"href":"https:\/\/notitodo.com.mx\/wp\/wp-json\/wp\/v2\/tags?post=44821"}],"curies":[{"name":"wp","href":"https:\/\/api.w.org\/{rel}","templated":true}]}}