{"id":44742,"date":"2018-11-06T14:28:58","date_gmt":"2018-11-06T14:28:58","guid":{"rendered":"https:\/\/notitodo.com.mx\/wp\/?p=44742"},"modified":"2018-11-06T14:28:58","modified_gmt":"2018-11-06T14:28:58","slug":"llegaran-esta-semana-brigadas-medicas-de-desarrollo-social-a-gomez-farias-aquiles-serdan-y-chihuahua","status":"publish","type":"post","link":"https:\/\/notitodo.com.mx\/wp\/llegaran-esta-semana-brigadas-medicas-de-desarrollo-social-a-gomez-farias-aquiles-serdan-y-chihuahua\/","title":{"rendered":"LLEGAR\u00c1N ESTA SEMANA BRIGADAS M\u00c9DICAS DE DESARROLLO SOCIAL A G\u00d3MEZ FAR\u00cdAS, AQUILES SERD\u00c1N Y CHIHUAHUA"},"content":{"rendered":"<p>A lo largo de esta semana, la Secretar\u00eda de Desarrollo Social, en coordinaci\u00f3n con la Secretar\u00eda de Salud, atender\u00e1n de forma gratuita, a trav\u00e9s de brigadas integrales, a habitantes de zonas prioritarias de los municipios de G\u00f3mez Far\u00edas, Chihuahua y Aquiles Serd\u00e1n.<\/p>\n<p>Del 5 al 9 de noviembre, las atenciones se ofrecer\u00e1n en G\u00f3mez Far\u00edas, en las poblaciones de Francisco I. Madero, Ignacio Zaragoza, Independencia, Ru\u00edz Cortines y Soto M\u00e1ynez, en un horario de 08:00 a 15:00 horas.<\/p>\n<p>El d\u00eda 7 de noviembre ofrecer\u00e1n las brigadas atender\u00e1n en la ciudad de Chihuahua de 15:00 a 19:00 horas en calle Noria de los Canos, de la Colonia La Noria; y el d\u00eda 9, estar\u00e1n en la<\/p>\n<p><!--more--><\/p>\n<p>colonia Antorcha Popular, en calles Mina Monterde y Mina Vesubio, de 14:00 a 18:00 horas.<\/p>\n<p>Las brigadas cierran la semana el 10 de noviembre en la colonia Laderas de San Guillermo, del municipio de Aquiles Serd\u00e1n, donde atender\u00e1n de 09:00 a 15:00 horas en calles Mina Velarde y Mina San Antonio.<\/p>\n<p>Los servicios que se otorgar\u00e1n en cada punto, incluyen consulta de medicina general, odontolog\u00eda, optometr\u00eda, salud de la mujer, farmacia, as\u00ed como corte de cabello, afiliaci\u00f3n y reafiliaci\u00f3n al Seguro Popular, entre otros, por lo que se invita a las familias a aprovecharlos ya que todos se brindar\u00e1n de forma gratuita.<\/p>\n","protected":false},"excerpt":{"rendered":"<p>A lo largo de esta semana, la Secretar\u00eda de Desarrollo Social, en coordinaci\u00f3n con la Secretar\u00eda de Salud, atender\u00e1n de forma gratuita, a trav\u00e9s de brigadas integrales, a habitantes de zonas prioritarias de los municipios de G\u00f3mez Far\u00edas, Chihuahua y Aquiles Serd\u00e1n. Del 5 al 9 de noviembre, las atenciones se ofrecer\u00e1n en G\u00f3mez Far\u00edas, [&hellip;]<\/p>\n","protected":false},"author":5,"featured_media":44744,"comment_status":"open","ping_status":"open","sticky":false,"template":"","format":"standard","meta":{"footnotes":""},"categories":[7],"tags":[],"class_list":["post-44742","post","type-post","status-publish","format-standard","has-post-thumbnail","hentry","category-estatales"],"views":44,"_links":{"self":[{"href":"https:\/\/notitodo.com.mx\/wp\/wp-json\/wp\/v2\/posts\/44742","targetHints":{"allow":["GET"]}}],"collection":[{"href":"https:\/\/notitodo.com.mx\/wp\/wp-json\/wp\/v2\/posts"}],"about":[{"href":"https:\/\/notitodo.com.mx\/wp\/wp-json\/wp\/v2\/types\/post"}],"author":[{"embeddable":true,"href":"https:\/\/notitodo.com.mx\/wp\/wp-json\/wp\/v2\/users\/5"}],"replies":[{"embeddable":true,"href":"https:\/\/notitodo.com.mx\/wp\/wp-json\/wp\/v2\/comments?post=44742"}],"version-history":[{"count":1,"href":"https:\/\/notitodo.com.mx\/wp\/wp-json\/wp\/v2\/posts\/44742\/revisions"}],"predecessor-version":[{"id":44745,"href":"https:\/\/notitodo.com.mx\/wp\/wp-json\/wp\/v2\/posts\/44742\/revisions\/44745"}],"wp:featuredmedia":[{"embeddable":true,"href":"https:\/\/notitodo.com.mx\/wp\/wp-json\/wp\/v2\/media\/44744"}],"wp:attachment":[{"href":"https:\/\/notitodo.com.mx\/wp\/wp-json\/wp\/v2\/media?parent=44742"}],"wp:term":[{"taxonomy":"category","embeddable":true,"href":"https:\/\/notitodo.com.mx\/wp\/wp-json\/wp\/v2\/categories?post=44742"},{"taxonomy":"post_tag","embeddable":true,"href":"https:\/\/notitodo.com.mx\/wp\/wp-json\/wp\/v2\/tags?post=44742"}],"curies":[{"name":"wp","href":"https:\/\/api.w.org\/{rel}","templated":true}]}}