{"id":44336,"date":"2018-11-01T03:07:33","date_gmt":"2018-11-01T03:07:33","guid":{"rendered":"https:\/\/notitodo.com.mx\/wp\/?p=44336"},"modified":"2018-11-01T03:07:33","modified_gmt":"2018-11-01T03:07:33","slug":"gana-primaria-chihuahuense-concurso-nacional-de-danza-folklorica","status":"publish","type":"post","link":"https:\/\/notitodo.com.mx\/wp\/gana-primaria-chihuahuense-concurso-nacional-de-danza-folklorica\/","title":{"rendered":"GANA PRIMARIA CHIHUAHUENSE CONCURSO NACIONAL DE DANZA FOLKL\u00d3RICA"},"content":{"rendered":"<p class=\"x_MsoNormal\">Dando muestra de su talento, compromiso y trabajo en equipo, estudiantes de la Escuela Primaria Estatal \u201cAurelia Ag\u00fcero Esquivel 2760\u201d, de la colonia Residencial Universidad, de la capital del Estado, lograron obtener el primer lugar en el Concurso Nacional de Danza Folkl\u00f3rica, que se desarroll\u00f3 del 19 al 21 de octubre en Puerto Vallarta, Jalisco.<\/p>\n<p class=\"x_MsoNormal\">\n<p class=\"x_MsoNormal\">El representativo chihuahuense, estuvo conformado por un total de 13 alumnas y alumnos de entre 9 y 11 a\u00f1os de edad, quienes previamente vencieron en las<\/p>\n<p><!--more--><\/p>\n<p class=\"x_MsoNormal\">etapas regional y estatal obteniendo\u00a0 as\u00ed el pase a la competencia donde participaron exponentes de todo el pa\u00eds.<\/p>\n<p class=\"x_MsoNormal\">\n<p class=\"x_MsoNormal\">Las y los estudiantes llevaron a cabo la presentaci\u00f3n de la Danza de los C\u00farpites, o (Kurpites), de origen netamente Pur\u00e9pecha y de car\u00e1cter religioso, que data del siglo XVI, leg\u00edtima de los antiguos poblados de San Juan Parangaricutiro.<\/p>\n<p class=\"x_MsoNormal\">\n<p class=\"x_MsoNormal\">Este baile, se compone de la<span lang=\"ES\"> &#8220;La maringu\u00eda un hombre vestido de mujer ind\u00edgena y con m\u00e1scara, que representa a la virgen Mar\u00eda; \u201cEl t\u00b4arepiti&#8221; que se pone cascabeles y fajas enredadas en los pies, unos delantales colgados del cuello hacia adelante y hacia atr\u00e1s, un capotillo con espejo al centro, un guaje largo mateado a color, una m\u00e1scara con cabellera blanca \u00a0y un bast\u00f3n grande con una campana.<\/span><\/p>\n<p class=\"x_MsoNormal\"><span lang=\"ES\">\u00a0<\/span><\/p>\n<p class=\"x_MsoNormal\"><span lang=\"ES\">La maestra y directora art\u00edstica del Club de Danza de la instituci\u00f3n, Lucila Rodr\u00edguez Ch\u00e1vez,\u00a0 coment\u00f3 que el resultado que obtuvieron las y los menores, fue gracias al compromiso que mostraron durante sus ensayos, ya que durante un a\u00f1o se estuvieron preparando arduamente, demostrando disciplina y car\u00e1cter.<\/span><\/p>\n<p class=\"x_MsoNormal\"><span lang=\"ES\">\u00a0<\/span><\/p>\n<p class=\"x_MsoNormal\"><span lang=\"ES\">Agreg\u00f3 que desde su punto de vista, el impulsar desde temprana edad el baile, en este caso la danza, es de suma importancia, \u201clas ni\u00f1as y ni\u00f1os fortalecen sus valores, su seguridad, la convivencia escolar, adem\u00e1s de que logran un mejor manejo de sus emociones\u201d.<\/span><\/p>\n<p class=\"x_MsoNormal\"><span lang=\"ES\">\u00a0<\/span><\/p>\n<p class=\"x_MsoNormal\"><span lang=\"ES\">A su vez, Yahir Alfredo Baquera S\u00e1enz de 11 a\u00f1os de edad e integrante de la delegaci\u00f3n chihuahuense ganadora, coment\u00f3 sentirse muy contento por la victoria que tuvieron en el concurso, todo basado en la constante preparaci\u00f3n y horas de ensayo que realizaron durante muchos meses antes de la competencia.<\/span><\/p>\n<p class=\"x_MsoNormal\"><span lang=\"ES\">\u00a0<\/span><\/p>\n<p class=\"x_MsoNormal\"><span lang=\"ES\">\u201cMe sent\u00eda muy nervioso el d\u00eda de la competencia, pero durante los siete minutos que dur\u00f3 el baile, desde la entrada y hasta la salida, siempre di mi mejor esfuerzo\u201d, coment\u00f3 el menor.<\/span><\/p>\n<p class=\"x_MsoNormal\"><span lang=\"ES\">\u00a0<\/span><\/p>\n<p class=\"x_MsoNormal\">La escuela primaria estatal \u201cAurelia Ag\u00fcero Esquivel 2760\u201d, en el plantel cuenta con clases que se imparten a alumnas y alumnos de todos los grados, adem\u00e1s de al grupo que result\u00f3 ganador.<\/p>\n","protected":false},"excerpt":{"rendered":"<p>Dando muestra de su talento, compromiso y trabajo en equipo, estudiantes de la Escuela Primaria Estatal \u201cAurelia Ag\u00fcero Esquivel 2760\u201d, de la colonia Residencial Universidad, de la capital del Estado, lograron obtener el primer lugar en el Concurso Nacional de Danza Folkl\u00f3rica, que se desarroll\u00f3 del 19 al 21 de octubre en Puerto Vallarta, Jalisco. [&hellip;]<\/p>\n","protected":false},"author":5,"featured_media":44338,"comment_status":"open","ping_status":"open","sticky":false,"template":"","format":"standard","meta":{"footnotes":""},"categories":[7],"tags":[],"class_list":["post-44336","post","type-post","status-publish","format-standard","has-post-thumbnail","hentry","category-estatales"],"views":13,"_links":{"self":[{"href":"https:\/\/notitodo.com.mx\/wp\/wp-json\/wp\/v2\/posts\/44336","targetHints":{"allow":["GET"]}}],"collection":[{"href":"https:\/\/notitodo.com.mx\/wp\/wp-json\/wp\/v2\/posts"}],"about":[{"href":"https:\/\/notitodo.com.mx\/wp\/wp-json\/wp\/v2\/types\/post"}],"author":[{"embeddable":true,"href":"https:\/\/notitodo.com.mx\/wp\/wp-json\/wp\/v2\/users\/5"}],"replies":[{"embeddable":true,"href":"https:\/\/notitodo.com.mx\/wp\/wp-json\/wp\/v2\/comments?post=44336"}],"version-history":[{"count":1,"href":"https:\/\/notitodo.com.mx\/wp\/wp-json\/wp\/v2\/posts\/44336\/revisions"}],"predecessor-version":[{"id":44339,"href":"https:\/\/notitodo.com.mx\/wp\/wp-json\/wp\/v2\/posts\/44336\/revisions\/44339"}],"wp:featuredmedia":[{"embeddable":true,"href":"https:\/\/notitodo.com.mx\/wp\/wp-json\/wp\/v2\/media\/44338"}],"wp:attachment":[{"href":"https:\/\/notitodo.com.mx\/wp\/wp-json\/wp\/v2\/media?parent=44336"}],"wp:term":[{"taxonomy":"category","embeddable":true,"href":"https:\/\/notitodo.com.mx\/wp\/wp-json\/wp\/v2\/categories?post=44336"},{"taxonomy":"post_tag","embeddable":true,"href":"https:\/\/notitodo.com.mx\/wp\/wp-json\/wp\/v2\/tags?post=44336"}],"curies":[{"name":"wp","href":"https:\/\/api.w.org\/{rel}","templated":true}]}}