{"id":44246,"date":"2018-10-31T05:13:45","date_gmt":"2018-10-31T05:13:45","guid":{"rendered":"https:\/\/notitodo.com.mx\/wp\/?p=44246"},"modified":"2018-10-31T05:13:45","modified_gmt":"2018-10-31T05:13:45","slug":"celebra-equipo-de-la-uach-el-dia-mundial-del-karate","status":"publish","type":"post","link":"https:\/\/notitodo.com.mx\/wp\/celebra-equipo-de-la-uach-el-dia-mundial-del-karate\/","title":{"rendered":"CELEBRA EQUIPO DE LA UACH EL \u201cDIA MUNDIAL DEL KARATE\u201d"},"content":{"rendered":"<p>El equipo de karate de la Universidad Aut\u00f3noma de la UACH celebr\u00f3 por 4 a\u00f1o consecutivo el \u201cReto de las 100 Katas\u201d, con una bella parada deportiva donde ejecutaron los movimientos finos de esta disciplina, el pasado fin de semana en los linderos del Estadio Ol\u00edmpico de la Ciudad Deportiva de esta ciudad.<br \/>\nEl maestro Pedro Prieto Garc\u00eda, entrenador en jefe y representante de las organizaciones de Shito Ryu y con la<\/p>\n<p><!--more--><\/p>\n<p>bendici\u00f3n del maestro Shijan, Koichi Choda, se reuni\u00f3 un grupo de m\u00e1s de 60 karatecas de varias escuelas, para conmemorar el D\u00eda Internacional del Karate en nuestra Ciudad.<br \/>\nEl evento es impulsado por la Federaci\u00f3n Internacional de Karate de Okinawa, la cuna del karate mundial, de donde han surgido las diferentes ramificaciones de este arte marcial.<br \/>\nEl maestro Prieto realiz\u00f3 algunos ejercicios propios de esta disciplina y ejecutaron formaciones a la usanza marcial.<\/p>\n","protected":false},"excerpt":{"rendered":"<p>El equipo de karate de la Universidad Aut\u00f3noma de la UACH celebr\u00f3 por 4 a\u00f1o consecutivo el \u201cReto de las 100 Katas\u201d, con una bella parada deportiva donde ejecutaron los movimientos finos de esta disciplina, el pasado fin de semana en los linderos del Estadio Ol\u00edmpico de la Ciudad Deportiva de esta ciudad. El maestro [&hellip;]<\/p>\n","protected":false},"author":5,"featured_media":44248,"comment_status":"open","ping_status":"open","sticky":false,"template":"","format":"standard","meta":{"footnotes":""},"categories":[15],"tags":[],"class_list":["post-44246","post","type-post","status-publish","format-standard","has-post-thumbnail","hentry","category-educacion"],"views":3,"_links":{"self":[{"href":"https:\/\/notitodo.com.mx\/wp\/wp-json\/wp\/v2\/posts\/44246","targetHints":{"allow":["GET"]}}],"collection":[{"href":"https:\/\/notitodo.com.mx\/wp\/wp-json\/wp\/v2\/posts"}],"about":[{"href":"https:\/\/notitodo.com.mx\/wp\/wp-json\/wp\/v2\/types\/post"}],"author":[{"embeddable":true,"href":"https:\/\/notitodo.com.mx\/wp\/wp-json\/wp\/v2\/users\/5"}],"replies":[{"embeddable":true,"href":"https:\/\/notitodo.com.mx\/wp\/wp-json\/wp\/v2\/comments?post=44246"}],"version-history":[{"count":1,"href":"https:\/\/notitodo.com.mx\/wp\/wp-json\/wp\/v2\/posts\/44246\/revisions"}],"predecessor-version":[{"id":44249,"href":"https:\/\/notitodo.com.mx\/wp\/wp-json\/wp\/v2\/posts\/44246\/revisions\/44249"}],"wp:featuredmedia":[{"embeddable":true,"href":"https:\/\/notitodo.com.mx\/wp\/wp-json\/wp\/v2\/media\/44248"}],"wp:attachment":[{"href":"https:\/\/notitodo.com.mx\/wp\/wp-json\/wp\/v2\/media?parent=44246"}],"wp:term":[{"taxonomy":"category","embeddable":true,"href":"https:\/\/notitodo.com.mx\/wp\/wp-json\/wp\/v2\/categories?post=44246"},{"taxonomy":"post_tag","embeddable":true,"href":"https:\/\/notitodo.com.mx\/wp\/wp-json\/wp\/v2\/tags?post=44246"}],"curies":[{"name":"wp","href":"https:\/\/api.w.org\/{rel}","templated":true}]}}