{"id":44000,"date":"2018-10-28T04:59:13","date_gmt":"2018-10-28T04:59:13","guid":{"rendered":"https:\/\/notitodo.com.mx\/wp\/?p=44000"},"modified":"2018-10-28T04:59:13","modified_gmt":"2018-10-28T04:59:13","slug":"esclarece-fge-caso-de-nina-desaparecida-en-el-centro-detienen-al-presunto-responsable","status":"publish","type":"post","link":"https:\/\/notitodo.com.mx\/wp\/esclarece-fge-caso-de-nina-desaparecida-en-el-centro-detienen-al-presunto-responsable\/","title":{"rendered":"ESCLARECE FGE CASO DE NI\u00d1A DESAPARECIDA EN EL CENTRO; DETIENEN AL PRESUNTO RESPONSABLE"},"content":{"rendered":"<p>Reitera Fiscal\u00eda Especializada condena por los lamentables hechos y se\u00f1ala que ser\u00e1n los tribunales quienes determinen la responsabilidad y la sanci\u00f3n al culpable<br \/>\nLa Fiscal Especializada en Atenci\u00f3n a Mujeres V\u00edctimas del Delito por Razones de G\u00e9nero (FEM), Wendy Paola Ch\u00e1vez Villanueva, inform\u00f3 oficialmente la localizaci\u00f3n esta madrugada del cuerpo de la ni\u00f1a de iniciales S.C., en San Diego de Alcal\u00e1 y se dio cumplimiento de la orden de aprehensi\u00f3n en contra de Juan Manuel B. G., quien hasta el momento aparece como probable responsable de la desaparici\u00f3n de la menor.<\/p>\n<p>En conferencia de prensa, la fiscal inform\u00f3 que esta persona ser\u00e1 presentada en las pr\u00f3ximas horas ante un Juez de Control del Distrito Judicial Morelos, para<\/p>\n<p><!--more--><\/p>\n<p>que se le imputen los cargos correspondientes y se determine su situaci\u00f3n jur\u00eddica.<br \/>\nA su vez, la comisionada estatal de Atenci\u00f3n a V\u00edctimas, Irma Villanueva N\u00e1jera, dio a conocer que la familia de la peque\u00f1a ha contado en todo momento con el acompa\u00f1amiento que establecen los protocolos.<\/p>\n<p>Explic\u00f3 que ese acompa\u00f1amiento se realiza por parte de un grupo interdisciplinario de apoyo de psicolog\u00eda, trabajo social y asesor\u00eda jur\u00eddica, contenci\u00f3n de crisis y se efectuar\u00e1n todas las acciones de asistencia que la familia requiere.<br \/>\nLa servidora p\u00fablica hizo un llamado a la ciudadan\u00eda a no culpabilizar, estigmatizar y criminalizar a la familia, que pasa este dif\u00edcil momento.<br \/>\nLa fiscal Wendy Ch\u00e1vez expuso que la Fiscal\u00eda de Mujeres tiene suficientes datos para establecer que \u00e9l detenido fue quien priv\u00f3 de la libertad a la ni\u00f1a el pasado 24 de octubre, por lo que se atribuye la conducta de desaparici\u00f3n forzada por particular.<br \/>\nManifest\u00f3 que la l\u00ednea de investigaci\u00f3n inicial fue que unas personas la subieron a un veh\u00edculo automotor y la privaron de su libertad.<\/p>\n<p>\u201cLas investigaciones nos llevaron a identificar a Juan Manuel B. G., quien se desempe\u00f1a como chofer de un transporte p\u00fablico; despu\u00e9s de varios interrogatorios y al identificarse que hab\u00eda contradicciones en sus manifestaciones, as\u00ed como la corroboraci\u00f3n con datos de investigaci\u00f3n, es que se pudo establecer su participaci\u00f3n en la privaci\u00f3n de la libertad de la ni\u00f1a\u201d, declar\u00f3 la fiscal.<br \/>\nComparti\u00f3 que en el seguimiento a las investigaciones se logr\u00f3 establecer el lugar en donde ella fue depositada sin vida y fue localizada en una brecha en el camino o rumbo a San Diego de Alcal\u00e1.<\/p>\n<p>\u201cEl d\u00eda de hoy, en un operativo que fue realizado por parte de la Agencia Estatal de Investigaci\u00f3n y polic\u00edas ministeriales adscritos a la Fiscal\u00eda de Mujeres, a las 4:00 de la ma\u00f1ana, en un rastreo, fue que pudimos ubicar el cuerpo sin vida de la ni\u00f1a\u201d, asever\u00f3.<br \/>\nDetall\u00f3 que la orden de aprehensi\u00f3n fue liberada a las 3:00 de la ma\u00f1ana y se le detuvo en la ciudad de Chihuahua, aproximadamente a las 5:00 de la ma\u00f1ana.<\/p>\n<p>Se\u00f1al\u00f3 que en base a este hallazgo, la Fiscal\u00eda Estatal, a trav\u00e9s de la FEM fincar\u00e1 los cargos adicionales que corresponden por estos hechos, por lo que el detenido puede alcanzar hasta 100 o m\u00e1s a\u00f1os o m\u00e1s de prisi\u00f3n, de consider\u00e1rsele responsable.<br \/>\n\u201cLamentamos profundamente los hechos ocurridos en agravio de la ni\u00f1a. Ser\u00e1n los tribunales quienes decidan la sanci\u00f3n que va a tener el responsable, estos hechos han conmocionado a la ciudad de Chihuahua, el estado. Nosotros tambi\u00e9n formamos parte de esta sociedad y tambi\u00e9n nos han conmocionado\u201d, se\u00f1al\u00f3.<\/p>\n<p>A\u00f1adi\u00f3 que en la Fiscal\u00eda de Mujeres y la Fiscal\u00eda General del Estado pusieron todo su coraz\u00f3n y su nuestro profesionalismo para seguir una investigaci\u00f3n puntual en la desaparici\u00f3n de la ni\u00f1a \u201cy la continuaremos hasta que se le brinde justicia por estos hechos\u201d, afirm\u00f3 Wendy Ch\u00e1vez.<br \/>\nSobre la causa de la muerte y el m\u00f3vil del homicidio, la titular de FEM manifest\u00f3 que a\u00fan est\u00e1 en proceso de determinarlo, toda vez que actualmente se realizan las pruebas periciales.<br \/>\nAcerca del retrato hablado que se difundi\u00f3, aclar\u00f3 que este fue elaborado en base a las declaraciones iniciales del ahora detenido, que en su momento fue considerado v\u00edctima.<\/p>\n<p>Sobre el resto de las investigaciones no dio a conocer m\u00e1s detalles, con la finalidad de no afectar la integraci\u00f3n de la averiguaci\u00f3n que ser\u00e1 presentada ante los jueces para la imputaci\u00f3n correspondiente.<br \/>\nFinalmente, la funcionaria recomend\u00f3 a la sociedad en general estar m\u00e1s atentos y vigilantes, puesto que los ni\u00f1os son de toda la sociedad y estar alertas ante cualquier situaci\u00f3n que se perciba de peligro, para salvaguardar la integridad de los infantes.<\/p>\n","protected":false},"excerpt":{"rendered":"<p>Reitera Fiscal\u00eda Especializada condena por los lamentables hechos y se\u00f1ala que ser\u00e1n los tribunales quienes determinen la responsabilidad y la sanci\u00f3n al culpable La Fiscal Especializada en Atenci\u00f3n a Mujeres V\u00edctimas del Delito por Razones de G\u00e9nero (FEM), Wendy Paola Ch\u00e1vez Villanueva, inform\u00f3 oficialmente la localizaci\u00f3n esta madrugada del cuerpo de la ni\u00f1a de iniciales [&hellip;]<\/p>\n","protected":false},"author":5,"featured_media":44002,"comment_status":"open","ping_status":"open","sticky":false,"template":"","format":"standard","meta":{"footnotes":""},"categories":[7],"tags":[],"class_list":["post-44000","post","type-post","status-publish","format-standard","has-post-thumbnail","hentry","category-estatales"],"views":44,"_links":{"self":[{"href":"https:\/\/notitodo.com.mx\/wp\/wp-json\/wp\/v2\/posts\/44000","targetHints":{"allow":["GET"]}}],"collection":[{"href":"https:\/\/notitodo.com.mx\/wp\/wp-json\/wp\/v2\/posts"}],"about":[{"href":"https:\/\/notitodo.com.mx\/wp\/wp-json\/wp\/v2\/types\/post"}],"author":[{"embeddable":true,"href":"https:\/\/notitodo.com.mx\/wp\/wp-json\/wp\/v2\/users\/5"}],"replies":[{"embeddable":true,"href":"https:\/\/notitodo.com.mx\/wp\/wp-json\/wp\/v2\/comments?post=44000"}],"version-history":[{"count":1,"href":"https:\/\/notitodo.com.mx\/wp\/wp-json\/wp\/v2\/posts\/44000\/revisions"}],"predecessor-version":[{"id":44003,"href":"https:\/\/notitodo.com.mx\/wp\/wp-json\/wp\/v2\/posts\/44000\/revisions\/44003"}],"wp:featuredmedia":[{"embeddable":true,"href":"https:\/\/notitodo.com.mx\/wp\/wp-json\/wp\/v2\/media\/44002"}],"wp:attachment":[{"href":"https:\/\/notitodo.com.mx\/wp\/wp-json\/wp\/v2\/media?parent=44000"}],"wp:term":[{"taxonomy":"category","embeddable":true,"href":"https:\/\/notitodo.com.mx\/wp\/wp-json\/wp\/v2\/categories?post=44000"},{"taxonomy":"post_tag","embeddable":true,"href":"https:\/\/notitodo.com.mx\/wp\/wp-json\/wp\/v2\/tags?post=44000"}],"curies":[{"name":"wp","href":"https:\/\/api.w.org\/{rel}","templated":true}]}}