{"id":43996,"date":"2018-10-28T04:53:47","date_gmt":"2018-10-28T04:53:47","guid":{"rendered":"https:\/\/notitodo.com.mx\/wp\/?p=43996"},"modified":"2018-10-28T04:53:47","modified_gmt":"2018-10-28T04:53:47","slug":"proteccion-civil-apoya-a-migrantes-y-personas-internas-en-chihuahua","status":"publish","type":"post","link":"https:\/\/notitodo.com.mx\/wp\/proteccion-civil-apoya-a-migrantes-y-personas-internas-en-chihuahua\/","title":{"rendered":"PROTECCI\u00d3N CIVIL APOYA A MIGRANTES Y PERSONAS INTERNAS EN CHIHUAHUA"},"content":{"rendered":"<p>En seguimiento al compromiso del Gobierno del Estado de Chihuahua, la atenci\u00f3n a los grupos vulnerados, a trav\u00e9s de la Coordinaci\u00f3n Estatal de Protecci\u00f3n Civil (CEPC) entreg\u00f3 apoyos para la temporada invernal a centros de reinserci\u00f3n social y migrantes.<\/p>\n<p>Por instrucciones del gobernador Javier Corral Jurado, la Coordinaci\u00f3n acudi\u00f3 a ayudar a los centroameri<\/p>\n<p>canos que sufrieron un<\/p>\n<p><!--more--><\/p>\n<p>accidente carretero, el jueves de esta semana pasada, cuando viajaban hacia Estados Unidos.<\/p>\n<p>Lo anterior, por medio de la entrega de alimento, agua y tela, al Instituto Nacional de Migraci\u00f3n y a la Casa del Migrante, que abone al trato digno y cobijo, en su paso por la entidad.<br \/>\nAnteriormente la CEPC tambi\u00e9n llev\u00f3 ropa, calzado y telas, al Centro de Rehabilitaci\u00f3n Social en Aquiles Serd\u00e1n, as\u00ed como a la Penitenciar\u00eda ubicada en la ciudad de Chihuahua.<\/p>\n<p>El coordinador estatal de Protecci\u00f3n Civil, Luis Cuauht\u00e9moc Guerra Chac\u00f3n, explic\u00f3 que la finalidad de estas acciones es prevenir incidentes ante las bajas temperaturas de esta temporada, en coordinaci\u00f3n con instancias de los tres \u00f3rdenes de gobierno.<\/p>\n","protected":false},"excerpt":{"rendered":"<p>En seguimiento al compromiso del Gobierno del Estado de Chihuahua, la atenci\u00f3n a los grupos vulnerados, a trav\u00e9s de la Coordinaci\u00f3n Estatal de Protecci\u00f3n Civil (CEPC) entreg\u00f3 apoyos para la temporada invernal a centros de reinserci\u00f3n social y migrantes. Por instrucciones del gobernador Javier Corral Jurado, la Coordinaci\u00f3n acudi\u00f3 a ayudar a los centroameri canos [&hellip;]<\/p>\n","protected":false},"author":5,"featured_media":43998,"comment_status":"open","ping_status":"open","sticky":false,"template":"","format":"standard","meta":{"footnotes":""},"categories":[7],"tags":[],"class_list":["post-43996","post","type-post","status-publish","format-standard","has-post-thumbnail","hentry","category-estatales"],"views":34,"_links":{"self":[{"href":"https:\/\/notitodo.com.mx\/wp\/wp-json\/wp\/v2\/posts\/43996","targetHints":{"allow":["GET"]}}],"collection":[{"href":"https:\/\/notitodo.com.mx\/wp\/wp-json\/wp\/v2\/posts"}],"about":[{"href":"https:\/\/notitodo.com.mx\/wp\/wp-json\/wp\/v2\/types\/post"}],"author":[{"embeddable":true,"href":"https:\/\/notitodo.com.mx\/wp\/wp-json\/wp\/v2\/users\/5"}],"replies":[{"embeddable":true,"href":"https:\/\/notitodo.com.mx\/wp\/wp-json\/wp\/v2\/comments?post=43996"}],"version-history":[{"count":1,"href":"https:\/\/notitodo.com.mx\/wp\/wp-json\/wp\/v2\/posts\/43996\/revisions"}],"predecessor-version":[{"id":43999,"href":"https:\/\/notitodo.com.mx\/wp\/wp-json\/wp\/v2\/posts\/43996\/revisions\/43999"}],"wp:featuredmedia":[{"embeddable":true,"href":"https:\/\/notitodo.com.mx\/wp\/wp-json\/wp\/v2\/media\/43998"}],"wp:attachment":[{"href":"https:\/\/notitodo.com.mx\/wp\/wp-json\/wp\/v2\/media?parent=43996"}],"wp:term":[{"taxonomy":"category","embeddable":true,"href":"https:\/\/notitodo.com.mx\/wp\/wp-json\/wp\/v2\/categories?post=43996"},{"taxonomy":"post_tag","embeddable":true,"href":"https:\/\/notitodo.com.mx\/wp\/wp-json\/wp\/v2\/tags?post=43996"}],"curies":[{"name":"wp","href":"https:\/\/api.w.org\/{rel}","templated":true}]}}