{"id":43980,"date":"2018-10-28T04:39:46","date_gmt":"2018-10-28T04:39:46","guid":{"rendered":"https:\/\/notitodo.com.mx\/wp\/?p=43980"},"modified":"2018-10-28T04:39:46","modified_gmt":"2018-10-28T04:39:46","slug":"acuerdan-gobernador-y-proxima-titular-de-semarnat-estrategias-para-el-cuidado-del-bosque-en-la-sierra-tarahumara","status":"publish","type":"post","link":"https:\/\/notitodo.com.mx\/wp\/acuerdan-gobernador-y-proxima-titular-de-semarnat-estrategias-para-el-cuidado-del-bosque-en-la-sierra-tarahumara\/","title":{"rendered":"ACUERDAN GOBERNADOR Y PR\u00d3XIMA TITULAR DE SEMARNAT, ESTRATEGIAS PARA EL CUIDADO DEL BOSQUE EN LA SIERRA TARAHUMARA"},"content":{"rendered":"<p>Javier Corral y Josefa Gonz\u00e1lez Blanco Ortiz, sostienen encuentro con integrantes de comunidades ind\u00edgenas en la localidad de Bahuinocachi, municipio de Bocoyna; participa tambi\u00e9n el futuro director de la Comisi\u00f3n Nacional Forestal<\/p>\n<p>&#8211; Implementar\u00e1n estrategias coordinadas para abatir la tala clandestina y destinar\u00e1n recursos para reforestaci\u00f3n; asegurar\u00e1n que presupuesto llegue sin intermediarios a los beneficiarios<br \/>\nEl gobernador Javier Corral y funcionarios del sector medioambiental del pr\u00f3ximo Gobierno Federal, anunciaron a los habitantes del Ejido Panalachi una serie de estrategias para combatir la tala inmoderada del bosque y garantizar que el presupuesto para conservarlo, les sea entregado sin intermediarios.<\/p>\n<p>La reuni\u00f3n se celebr\u00f3 en la comunidad de Bahuinocachi, con la presencia de la pr\u00f3xima titular de la Secretar\u00eda del Medio Ambiente y Recursos Naturales (Semarnat), Josefa Gonz\u00e1lez Blanco Ort\u00edz Mena y de quien ser\u00e1 el director de la Comisi\u00f3n Nacional Forestal (Conafor) Jorge Casta\u00f1os Mart\u00ednez, con la<\/p>\n<p><!--more--><\/p>\n<p>asistencia de m\u00e1s de 200 habitantes de comunidades aleda\u00f1as.<br \/>\nAdem\u00e1s acudieron el secretario de Desarrollo Urbano y Ecolog\u00eda del Gobierno del Estado, Luis Felipe Siqueiros y Mar\u00eda Teresa Guerrero, titular de la Comisi\u00f3n Estatal para los Pueblos Ind\u00edgenas.<\/p>\n<p>En el encuentro, gobernadores y l\u00edderes ejidales precisaron una serie de situaciones que afectan al bosque y la seguridad de la poblaci\u00f3n, adem\u00e1s solicitaron mayores oportunidades de empleo para las distintas localidades.<br \/>\nEl gobernador Javier Corral dijo que este acuerdo conjunto con el pr\u00f3ximo Gobierno Federal que encabezar\u00e1 Andr\u00e9s Manuel L\u00f3pez Obrador, consiste en aprovechar y cuidar los recursos que se tienen, evitar que sean sobreexplotados y castigar a quien hace mal uso del bosque.<\/p>\n<p>\u201cNo se trata de solo aprovechar los recursos que tenemos, se trata de aprovecharlos bien, ordenadamente\u201d, enfatiz\u00f3.<br \/>\nPrevio al encuentro, el mandatario estatal en compa\u00f1\u00eda de los futuros funcionarios federales, sobrevol\u00f3 las zonas de la Sierra Tarahumara, donde lament\u00f3 que sea precisamente la regi\u00f3n de Bocoyna la que m\u00e1s afectaciones presenta en cuanto a las afectaciones por tala ilegal.<br \/>\nIndic\u00f3 que se trabajar\u00e1 en proyectos para buscar mejores oportunidades de trabajo y aprovechamiento de la madera, \u201corganizarnos para trabajar juntos en torno de proyectos productivos y en un nuevo acuerdo con el Gobierno Federal, para reforzar la seguridad de nuestras poblaciones en la regi\u00f3n serrana\u201d.<\/p>\n<p>Esta visita, a\u00f1adi\u00f3, es el principio de un trabajo coordinado y del cual asegur\u00f3 se derivar\u00e1n varias visitas m\u00e1s, \u201cvamos a sellar un compromiso, de acabar con la tala inmoderada que es el patrimonio que ustedes tienen\u201d.<br \/>\nAdem\u00e1s de vigilar que realmente se distribuyan con justicia los recursos para el aprovechamiento forestal en los ejidos: \u201cen eso les digo que viene una gran acci\u00f3n del nuevo Gobierno Federal, para que junto con el Gobierno del Estado, hacer que en los ejidos los comisariados ejidales y las autoridades rindan cuentas\u201d.<\/p>\n<p>El proyecto consiste en revisar que quienes encabezan los ejidos informen de los recursos que reciben y de las ganancias que se tienen, para que realmente haya una distribuci\u00f3n m\u00e1s justa conforme a la ley, para que se acaben los abusos que hay y que todos sabemos de c\u00f3mo les reparten miserias, migajas y unos se quedan con m\u00e1s, reclam\u00f3 el jefe del Ejecutivo estatal.<br \/>\nRecalc\u00f3 que adem\u00e1s de la coordinaci\u00f3n efectiva entre Gobierno del Estado, Semarnat y Conafor, un grupo especializado implementar\u00e1 una pol\u00edtica de contenci\u00f3n para enfrentar delitos como la tala, la extracci\u00f3n indebida de agua y robo de materiales, que son comunes en la regi\u00f3n.<br \/>\nPor su parte Josefa Gonz\u00e1lez Blanco Ort\u00edz Mena se comprometi\u00f3 a regresar a esta comunidad una vez que asuma la dependencia, para trabajar de la mano con el Gobierno del Estado, pues es necesario brindar vigilancia, protecci\u00f3n y cuidado a los bosques.<\/p>\n<p>Antepuso el respeto de la cosmovisi\u00f3n de cada comunidad ind\u00edgena, en este caso de la Rar\u00e1muri para integrarlas al proyecto, pues consider\u00f3 importante la participaci\u00f3n de las comunidades para avanzar.<br \/>\nJorge Casta\u00f1os agreg\u00f3 que hay mucho trabajo por hacer en las zonas que han sido afectadas por la tala inmoderada, algunas incluso tienen una tala casi completa.<br \/>\nIndic\u00f3 que se dise\u00f1ar\u00e1 un plan para reforestar y restaurar esas \u00e1reas afectadas con el apoyo del pr\u00f3ximo Gobierno Federal, con un beneficio directo para las comunidades y con recursos que les ser\u00e1n entregados de manera directa.<\/p>\n","protected":false},"excerpt":{"rendered":"<p>Javier Corral y Josefa Gonz\u00e1lez Blanco Ortiz, sostienen encuentro con integrantes de comunidades ind\u00edgenas en la localidad de Bahuinocachi, municipio de Bocoyna; participa tambi\u00e9n el futuro director de la Comisi\u00f3n Nacional Forestal &#8211; Implementar\u00e1n estrategias coordinadas para abatir la tala clandestina y destinar\u00e1n recursos para reforestaci\u00f3n; asegurar\u00e1n que presupuesto llegue sin intermediarios a los beneficiarios [&hellip;]<\/p>\n","protected":false},"author":5,"featured_media":43982,"comment_status":"open","ping_status":"open","sticky":false,"template":"","format":"standard","meta":{"footnotes":""},"categories":[7],"tags":[],"class_list":["post-43980","post","type-post","status-publish","format-standard","has-post-thumbnail","hentry","category-estatales"],"views":3,"_links":{"self":[{"href":"https:\/\/notitodo.com.mx\/wp\/wp-json\/wp\/v2\/posts\/43980","targetHints":{"allow":["GET"]}}],"collection":[{"href":"https:\/\/notitodo.com.mx\/wp\/wp-json\/wp\/v2\/posts"}],"about":[{"href":"https:\/\/notitodo.com.mx\/wp\/wp-json\/wp\/v2\/types\/post"}],"author":[{"embeddable":true,"href":"https:\/\/notitodo.com.mx\/wp\/wp-json\/wp\/v2\/users\/5"}],"replies":[{"embeddable":true,"href":"https:\/\/notitodo.com.mx\/wp\/wp-json\/wp\/v2\/comments?post=43980"}],"version-history":[{"count":1,"href":"https:\/\/notitodo.com.mx\/wp\/wp-json\/wp\/v2\/posts\/43980\/revisions"}],"predecessor-version":[{"id":43983,"href":"https:\/\/notitodo.com.mx\/wp\/wp-json\/wp\/v2\/posts\/43980\/revisions\/43983"}],"wp:featuredmedia":[{"embeddable":true,"href":"https:\/\/notitodo.com.mx\/wp\/wp-json\/wp\/v2\/media\/43982"}],"wp:attachment":[{"href":"https:\/\/notitodo.com.mx\/wp\/wp-json\/wp\/v2\/media?parent=43980"}],"wp:term":[{"taxonomy":"category","embeddable":true,"href":"https:\/\/notitodo.com.mx\/wp\/wp-json\/wp\/v2\/categories?post=43980"},{"taxonomy":"post_tag","embeddable":true,"href":"https:\/\/notitodo.com.mx\/wp\/wp-json\/wp\/v2\/tags?post=43980"}],"curies":[{"name":"wp","href":"https:\/\/api.w.org\/{rel}","templated":true}]}}