{"id":43325,"date":"2018-10-23T13:58:58","date_gmt":"2018-10-23T13:58:58","guid":{"rendered":"https:\/\/notitodo.com.mx\/wp\/?p=43325"},"modified":"2018-10-23T13:58:58","modified_gmt":"2018-10-23T13:58:58","slug":"realizan-estudiantes-del-cecytech-caminata-en-pro-de-los-adultos-mayores","status":"publish","type":"post","link":"https:\/\/notitodo.com.mx\/wp\/realizan-estudiantes-del-cecytech-caminata-en-pro-de-los-adultos-mayores\/","title":{"rendered":"REALIZAN ESTUDIANTES DEL CECYTECH CAMINATA EN PRO DE LOS ADULTOS MAYORES"},"content":{"rendered":"<p class=\"x_MsoNormal\">Como ya es tradici\u00f3n cada a\u00f1o, estudiantes del plantel de Educaci\u00f3n Media Superior a Distancia (EMSaD) n\u00famero 12 realizaron la caminata conmemorativa del D\u00eda del Abrazo, como parte de las actividades por la Semana del Adulto Mayor.<\/p>\n<p class=\"x_MsoNormal\">\n<p class=\"x_MsoNormal\">De igual forma, la comunidad escolar festej\u00f3 el 25 aniversario de la creaci\u00f3n del Colegio de Estudios Cient\u00edficos y Tecnol\u00f3gicos del Estado de Chihuahua (CECyTECH), instituci\u00f3n que inici\u00f3 funciones el 21 de octubre del a\u00f1o 1993.<\/p>\n<p class=\"x_MsoNormal\">\n<p class=\"x_MsoNormal\">La caminata inici\u00f3 en la entrada del municipio para recorrer gran parte de la comunidad hasta llegar a las instalaciones del centro social para adultos mayores.<\/p>\n<p class=\"x_MsoNormal\">\n<p class=\"x_MsoNormal\">Las personas adultas mayores caminaban en el otro sentido para<\/p>\n<p><!--more--><\/p>\n<p class=\"x_MsoNormal\">encontrarse con las alumnas y alumnos e intercambiar los abrazos.<\/p>\n<p class=\"x_MsoNormal\">\n<p class=\"x_MsoNormal\">El alumnado tambi\u00e9n particip\u00f3 en una convivencia donde apoyaron en la activaci\u00f3n f\u00edsica de los adultos en plenitud y recibieron una pl\u00e1tica por parte del Centro Avanzado de Salud (CAS).<\/p>\n<p class=\"x_MsoNormal\">\n<p class=\"x_MsoNormal\">Para el CECyTECH este tipo de actividades son de suma importancia, ya que sensibilizan a las y los j\u00f3venes sobre las problem\u00e1ticas que existen en la sociedad actual y los estimulan a ser agentes de cambio en sus respectivas \u00e1reas de acci\u00f3n.<\/p>\n<div><\/div>\n<p>&#8212;<\/p>\n<div class=\"x_gmail_signature\" dir=\"ltr\"><\/div>\n","protected":false},"excerpt":{"rendered":"<p>Como ya es tradici\u00f3n cada a\u00f1o, estudiantes del plantel de Educaci\u00f3n Media Superior a Distancia (EMSaD) n\u00famero 12 realizaron la caminata conmemorativa del D\u00eda del Abrazo, como parte de las actividades por la Semana del Adulto Mayor. De igual forma, la comunidad escolar festej\u00f3 el 25 aniversario de la creaci\u00f3n del Colegio de Estudios Cient\u00edficos [&hellip;]<\/p>\n","protected":false},"author":5,"featured_media":43327,"comment_status":"open","ping_status":"open","sticky":false,"template":"","format":"standard","meta":{"footnotes":""},"categories":[15],"tags":[],"class_list":["post-43325","post","type-post","status-publish","format-standard","has-post-thumbnail","hentry","category-educacion"],"views":6,"_links":{"self":[{"href":"https:\/\/notitodo.com.mx\/wp\/wp-json\/wp\/v2\/posts\/43325","targetHints":{"allow":["GET"]}}],"collection":[{"href":"https:\/\/notitodo.com.mx\/wp\/wp-json\/wp\/v2\/posts"}],"about":[{"href":"https:\/\/notitodo.com.mx\/wp\/wp-json\/wp\/v2\/types\/post"}],"author":[{"embeddable":true,"href":"https:\/\/notitodo.com.mx\/wp\/wp-json\/wp\/v2\/users\/5"}],"replies":[{"embeddable":true,"href":"https:\/\/notitodo.com.mx\/wp\/wp-json\/wp\/v2\/comments?post=43325"}],"version-history":[{"count":1,"href":"https:\/\/notitodo.com.mx\/wp\/wp-json\/wp\/v2\/posts\/43325\/revisions"}],"predecessor-version":[{"id":43328,"href":"https:\/\/notitodo.com.mx\/wp\/wp-json\/wp\/v2\/posts\/43325\/revisions\/43328"}],"wp:featuredmedia":[{"embeddable":true,"href":"https:\/\/notitodo.com.mx\/wp\/wp-json\/wp\/v2\/media\/43327"}],"wp:attachment":[{"href":"https:\/\/notitodo.com.mx\/wp\/wp-json\/wp\/v2\/media?parent=43325"}],"wp:term":[{"taxonomy":"category","embeddable":true,"href":"https:\/\/notitodo.com.mx\/wp\/wp-json\/wp\/v2\/categories?post=43325"},{"taxonomy":"post_tag","embeddable":true,"href":"https:\/\/notitodo.com.mx\/wp\/wp-json\/wp\/v2\/tags?post=43325"}],"curies":[{"name":"wp","href":"https:\/\/api.w.org\/{rel}","templated":true}]}}