{"id":42456,"date":"2018-10-15T20:20:05","date_gmt":"2018-10-15T20:20:05","guid":{"rendered":"https:\/\/notitodo.com.mx\/wp\/?p=42456"},"modified":"2018-10-15T20:20:05","modified_gmt":"2018-10-15T20:20:05","slug":"disfrutan-ninos-de-primaria-narciso-mendoza-actividades-de-la-semana-de-investigacion-en-educacion-fisica","status":"publish","type":"post","link":"https:\/\/notitodo.com.mx\/wp\/disfrutan-ninos-de-primaria-narciso-mendoza-actividades-de-la-semana-de-investigacion-en-educacion-fisica\/","title":{"rendered":"Disfrutan ni\u00f1os de primaria Narciso Mendoza actividades de la Semana de Investigaci\u00f3n en Educaci\u00f3n F\u00edsica"},"content":{"rendered":"<p>La activaci\u00f3n f\u00edsica, a cargo de la M.C. Karla Alejandra Aguirre Irigoyen y exhibici\u00f3n de clase muestra nivel primaria, del Prof. Ethel Guti\u00e9rrez Villalobos, forman parte de las actividades de la II Semana de Investigaci\u00f3n en Educaci\u00f3n F\u00edsica que cont\u00f3 con la participaci\u00f3n de grupos de la escuela primaria Narciso Mendoza, en el gimnasio Homero Moriel Santiesteban de la Facultad de Ciencias de la Cultura F\u00edsica de la Universidad Aut\u00f3noma de Chihuahua.<\/p>\n<p>Ejercicios de marcha, articulares y cardio, fueron aplicados durante 30 minutos por la maestra, que dio ejemplo de lo<\/p>\n<p><!--more--><\/p>\n<p>que el educador f\u00edsico puede implementar en beneficio de sus seguidores, al activar neuronas y cuerpo para una mejor jornada escolar.<\/p>\n<p>El Prof. Ethel Guti\u00e9rrez trabaj\u00f3 con estudiantes de cuarto grado de la escuela invitada, con juegos organizados que motivaron el desempe\u00f1o individual y en equipo para el desarrollo de habilidades motrices b\u00e1sicas, utilizando diversos materiales como pelotas de vinil, aros y conos, con la respectiva evaluaci\u00f3n tanto diagn\u00f3stica como formativa.<\/p>\n<p>En ambas actividades, se cont\u00f3 con la presencia de alumnado de cuarto a sexto semestre de la Licenciatura en Educaci\u00f3n F\u00edsica, as\u00ed como de la estructura directiva de esta unidad acad\u00e9mica, encabezada por el director, Dr. Juan Francisco Aguirre Ch\u00e1vez.<\/p>\n","protected":false},"excerpt":{"rendered":"<p>La activaci\u00f3n f\u00edsica, a cargo de la M.C. Karla Alejandra Aguirre Irigoyen y exhibici\u00f3n de clase muestra nivel primaria, del Prof. Ethel Guti\u00e9rrez Villalobos, forman parte de las actividades de la II Semana de Investigaci\u00f3n en Educaci\u00f3n F\u00edsica que cont\u00f3 con la participaci\u00f3n de grupos de la escuela primaria Narciso Mendoza, en el gimnasio Homero [&hellip;]<\/p>\n","protected":false},"author":5,"featured_media":42458,"comment_status":"open","ping_status":"open","sticky":false,"template":"","format":"standard","meta":{"footnotes":""},"categories":[9],"tags":[],"class_list":["post-42456","post","type-post","status-publish","format-standard","has-post-thumbnail","hentry","category-locales"],"views":4,"_links":{"self":[{"href":"https:\/\/notitodo.com.mx\/wp\/wp-json\/wp\/v2\/posts\/42456","targetHints":{"allow":["GET"]}}],"collection":[{"href":"https:\/\/notitodo.com.mx\/wp\/wp-json\/wp\/v2\/posts"}],"about":[{"href":"https:\/\/notitodo.com.mx\/wp\/wp-json\/wp\/v2\/types\/post"}],"author":[{"embeddable":true,"href":"https:\/\/notitodo.com.mx\/wp\/wp-json\/wp\/v2\/users\/5"}],"replies":[{"embeddable":true,"href":"https:\/\/notitodo.com.mx\/wp\/wp-json\/wp\/v2\/comments?post=42456"}],"version-history":[{"count":1,"href":"https:\/\/notitodo.com.mx\/wp\/wp-json\/wp\/v2\/posts\/42456\/revisions"}],"predecessor-version":[{"id":42459,"href":"https:\/\/notitodo.com.mx\/wp\/wp-json\/wp\/v2\/posts\/42456\/revisions\/42459"}],"wp:featuredmedia":[{"embeddable":true,"href":"https:\/\/notitodo.com.mx\/wp\/wp-json\/wp\/v2\/media\/42458"}],"wp:attachment":[{"href":"https:\/\/notitodo.com.mx\/wp\/wp-json\/wp\/v2\/media?parent=42456"}],"wp:term":[{"taxonomy":"category","embeddable":true,"href":"https:\/\/notitodo.com.mx\/wp\/wp-json\/wp\/v2\/categories?post=42456"},{"taxonomy":"post_tag","embeddable":true,"href":"https:\/\/notitodo.com.mx\/wp\/wp-json\/wp\/v2\/tags?post=42456"}],"curies":[{"name":"wp","href":"https:\/\/api.w.org\/{rel}","templated":true}]}}