{"id":41349,"date":"2018-09-27T12:46:23","date_gmt":"2018-09-27T12:46:23","guid":{"rendered":"http:\/\/notitodo.com.mx\/wp\/?p=41349"},"modified":"2018-09-27T12:51:47","modified_gmt":"2018-09-27T12:51:47","slug":"va-lopez-obrador-por-comision-de-la-verdad-del-caso-ayotzinapa","status":"publish","type":"post","link":"https:\/\/notitodo.com.mx\/wp\/va-lopez-obrador-por-comision-de-la-verdad-del-caso-ayotzinapa\/","title":{"rendered":"Va L\u00f3pez Obrador por Comisi\u00f3n de la Verdad del caso Ayotzinapa"},"content":{"rendered":"<p>El presidente electo de M\u00e9xico, Andr\u00e9s Manuel L\u00f3pez Obrador anunci\u00f3 que el primero de diciembre de este a\u00f1o emitir\u00e1 un decreto presidencial que dar\u00e1 a origen a la Comisi\u00f3n de la Verdad para esclarecer la desaparici\u00f3n de los 43 estudiantes de la normal de Ayotzinapa, Guerrero.<\/p>\n<p>Luego de una reuni\u00f3n de m\u00e1s de dos horas con los padres de los j\u00f3venes desaparecidos hace cuatro a\u00f1os en Iguala, Guerrero en el museo Memoria y Tolerancia de la Ciudad de M\u00e9xico L\u00f3pez Obrador refrend\u00f3 su compromiso de investigar qu\u00e9 pas\u00f3 con los estudiantes porque s\u00f3lo as\u00ed las instituciones en M\u00e9xico &#8220;se fortalecer\u00e1n&#8221;.<\/p>\n<p>PUBLICIDAD<\/p>\n<p>inRead invented by Teads<br \/>\nTe puede interesar: En caso Ayotzinapa no se protegi\u00f3 a nadie, afirma fiscal especial<\/p>\n<p>Tambi\u00e9n anunci\u00f3 que ser\u00e1 la Organizaci\u00f3n de las Naciones Unidas y la Comisi\u00f3n Interamericana de los Derechos Humanos las instancias que coordinen los trabajos de dicha comisi\u00f3n y en la cual tambi\u00e9n tendr\u00e1 participaci\u00f3n la Comisi\u00f3n Nacional de los Derechos Humanos.<\/p>\n<p>Como tercer acuerdo resalt\u00f3 el di\u00e1logo permanente con los padres de los 43 normalistas y la designaci\u00f3n de Alejandro Encinas, futuro subsecretario de derechos humanos en la Secretar\u00eda de Gobernaci\u00f3n como el responsable de hacer cumplir los compromisos por parte del gobierno entrante en el caso Ayotzinapa.<\/p>\n<p>Compromisos del pr\u00f3ximo gobierno:<br \/>\n1.- Habr\u00e1 una comisi\u00f3n de investigaci\u00f3n, por la verdad y la justicia.<br \/>\n2.- La comisi\u00f3n ser\u00e1 uno de los primeros actos de gobierno.<br \/>\n3.- Organismos internacionales acompa\u00f1ar\u00e1n las investigaciones. #Ayotzinapa4a\u00f1os<\/p>\n<p>fuente:excelsior<\/p>\n","protected":false},"excerpt":{"rendered":"<p>El presidente electo de M\u00e9xico, Andr\u00e9s Manuel L\u00f3pez Obrador anunci\u00f3 que el primero de diciembre de este a\u00f1o emitir\u00e1 un decreto presidencial que dar\u00e1 a origen a la Comisi\u00f3n de la Verdad para esclarecer la desaparici\u00f3n de los 43 estudiantes de la normal de Ayotzinapa, Guerrero. Luego de una reuni\u00f3n de m\u00e1s de dos horas [&hellip;]<\/p>\n","protected":false},"author":5,"featured_media":41351,"comment_status":"open","ping_status":"open","sticky":false,"template":"","format":"standard","meta":{"footnotes":""},"categories":[6],"tags":[],"class_list":["post-41349","post","type-post","status-publish","format-standard","has-post-thumbnail","hentry","category-nacionales"],"views":5,"_links":{"self":[{"href":"https:\/\/notitodo.com.mx\/wp\/wp-json\/wp\/v2\/posts\/41349","targetHints":{"allow":["GET"]}}],"collection":[{"href":"https:\/\/notitodo.com.mx\/wp\/wp-json\/wp\/v2\/posts"}],"about":[{"href":"https:\/\/notitodo.com.mx\/wp\/wp-json\/wp\/v2\/types\/post"}],"author":[{"embeddable":true,"href":"https:\/\/notitodo.com.mx\/wp\/wp-json\/wp\/v2\/users\/5"}],"replies":[{"embeddable":true,"href":"https:\/\/notitodo.com.mx\/wp\/wp-json\/wp\/v2\/comments?post=41349"}],"version-history":[{"count":2,"href":"https:\/\/notitodo.com.mx\/wp\/wp-json\/wp\/v2\/posts\/41349\/revisions"}],"predecessor-version":[{"id":41361,"href":"https:\/\/notitodo.com.mx\/wp\/wp-json\/wp\/v2\/posts\/41349\/revisions\/41361"}],"wp:featuredmedia":[{"embeddable":true,"href":"https:\/\/notitodo.com.mx\/wp\/wp-json\/wp\/v2\/media\/41351"}],"wp:attachment":[{"href":"https:\/\/notitodo.com.mx\/wp\/wp-json\/wp\/v2\/media?parent=41349"}],"wp:term":[{"taxonomy":"category","embeddable":true,"href":"https:\/\/notitodo.com.mx\/wp\/wp-json\/wp\/v2\/categories?post=41349"},{"taxonomy":"post_tag","embeddable":true,"href":"https:\/\/notitodo.com.mx\/wp\/wp-json\/wp\/v2\/tags?post=41349"}],"curies":[{"name":"wp","href":"https:\/\/api.w.org\/{rel}","templated":true}]}}