{"id":40525,"date":"2018-09-25T13:35:42","date_gmt":"2018-09-25T13:35:42","guid":{"rendered":"http:\/\/notitodo.com.mx\/wp\/?p=40525"},"modified":"2018-09-25T13:35:42","modified_gmt":"2018-09-25T13:35:42","slug":"iglesia-alemana-admite-haber-ignorado-a-victimas-de-abusos","status":"publish","type":"post","link":"https:\/\/notitodo.com.mx\/wp\/iglesia-alemana-admite-haber-ignorado-a-victimas-de-abusos\/","title":{"rendered":"Iglesia alemana admite haber ignorado a v\u00edctimas de abusos"},"content":{"rendered":"<p>Conferencia Episcopal Alemana admiti\u00f3 hoy su &#8220;verg\u00fcenza&#8221; por haber &#8220;ignorado durante a\u00f1os&#8221; a las v\u00edctimas de la pederastia en el seno de la Iglesia cat\u00f3lica y expres\u00f3 su determinaci\u00f3n a que sean &#8220;castigados&#8221; los autores de unos abusos que no forman parte del pasado, sino que persisten en la actualidad.<\/p>\n<p>Durante a\u00f1os miramos hacia otro lado&#8221;, reconoci\u00f3 el cardenal de M\u00fanich, Reinhard Marx.<\/p>\n<p>Marx present\u00f3 el informe elaborado por encargo de la Iglesia, en el que se documentan 3 mil 677 casos de abusos sexuales cometidos por mil 670 religiosos desde 1946 hasta 2014, en su mayor\u00eda a menores de 13 a\u00f1os.<\/p>\n<p>Iglesia cat\u00f3lica alemana admite verg\u00fcenza por haber ignorado a v\u00edctimas de abusos<br \/>\nLo documentado aqu\u00ed es la punta del iceberg&#8221;, afirm\u00f3 por su parte Harald Dressign, profesor del Instituto Central para la Salud Espiritual de la Universidad de Mannheim, una<\/p>\n<p><!--more--><\/p>\n<p>de las tres implicadas en la investigaci\u00f3n.<\/p>\n<p>No se trata de casos o delitos &#8220;hist\u00f3ricos&#8221;, cometidos en el pasado, sino que persisten en la actualidad, prosigui\u00f3 el catedr\u00e1tico, seg\u00fan el cual hay &#8220;problemas estructurales&#8221; que deben subsanarse en la Iglesia.<\/p>\n<p>Para dos tercios de las v\u00edctimas, los ejecutores de los abusos eran sus confesores o curas con los que manten\u00edan alg\u00fan tipo de v\u00ednculo religioso.<\/p>\n<p>El informe documenta situaciones de abusos tanto a muchachos como a muchachas, incluidos casos de penetraci\u00f3n vaginal o anal, detall\u00f3 el catedr\u00e1tico.<\/p>\n<p>Iglesia cat\u00f3lica alemana admite verg\u00fcenza por haber ignorado a v\u00edctimas de abusos<br \/>\nSeg\u00fan reconoci\u00f3 el cardenal Marx, la Conferencia empez\u00f3 con la tarea de abordar &#8220;en serio el problema&#8221;, a la luz de los esc\u00e1ndalos revelados en Estados Unidos y otros pa\u00edses, pero hasta ahora se consider\u00f3 que se trataba de actos &#8220;individuales&#8221;.<\/p>\n<p>La magnitud de los casos revelados por el estudio demuestra que esa consideraci\u00f3n es &#8220;insuficiente&#8221;, dijo el cardenal, mientras que el catedr\u00e1tico habl\u00f3 de un posible problema &#8220;sist\u00e9mico&#8221; en el seno de la Iglesia.<\/p>\n<p>El contenido del estudio fue avanzado parcialmente por varios medios alemanes hace unas semanas, adelanto que la Iglesia lament\u00f3 en ese momento, al tiempo que se recordaba que el prop\u00f3sito de la Conferencia Episcopal era presentarlo en toda su dimensi\u00f3n.<\/p>\n<p>La Conferencia Episcopal Alemana encarg\u00f3 ese estudio a las universidades a ra\u00edz del esc\u00e1ndalo de los abusos sexuales que sacudi\u00f3 a la Iglesia Cat\u00f3lica alemana en 2010, lo que gener\u00f3 una crisis de credibilidad para el catolicismo alem\u00e1n.<\/p>\n<p>Iglesia cat\u00f3lica alemana admite verg\u00fcenza por haber ignorado a v\u00edctimas de abusos<br \/>\nEn marzo de 2011 la Iglesia cat\u00f3lica ofreci\u00f3 pagar una indemnizaci\u00f3n de 5 mil euros a cada una de las v\u00edctimas de abusos sexuales, con posibilidad de aumentar esa cantidad para los casos m\u00e1s graves.<\/p>\n<p>Cerca de un millar de v\u00edctimas de abusos sexuales por parte de representantes de la Iglesia cat\u00f3lica formalizaron a continuaci\u00f3n su petici\u00f3n de una indemnizaci\u00f3n por los abusos sufridos.<\/p>\n<p>La Iglesia cat\u00f3lica es la principal confesi\u00f3n, junto con la Evang\u00e9lica, en Alemania, con unos 24 millones de creyentes cada una.<br \/>\nfuente; excelsior<\/p>\n","protected":false},"excerpt":{"rendered":"<p>Conferencia Episcopal Alemana admiti\u00f3 hoy su &#8220;verg\u00fcenza&#8221; por haber &#8220;ignorado durante a\u00f1os&#8221; a las v\u00edctimas de la pederastia en el seno de la Iglesia cat\u00f3lica y expres\u00f3 su determinaci\u00f3n a que sean &#8220;castigados&#8221; los autores de unos abusos que no forman parte del pasado, sino que persisten en la actualidad. Durante a\u00f1os miramos hacia otro [&hellip;]<\/p>\n","protected":false},"author":5,"featured_media":40526,"comment_status":"open","ping_status":"open","sticky":false,"template":"","format":"standard","meta":{"footnotes":""},"categories":[6],"tags":[],"class_list":["post-40525","post","type-post","status-publish","format-standard","has-post-thumbnail","hentry","category-nacionales"],"views":9,"_links":{"self":[{"href":"https:\/\/notitodo.com.mx\/wp\/wp-json\/wp\/v2\/posts\/40525","targetHints":{"allow":["GET"]}}],"collection":[{"href":"https:\/\/notitodo.com.mx\/wp\/wp-json\/wp\/v2\/posts"}],"about":[{"href":"https:\/\/notitodo.com.mx\/wp\/wp-json\/wp\/v2\/types\/post"}],"author":[{"embeddable":true,"href":"https:\/\/notitodo.com.mx\/wp\/wp-json\/wp\/v2\/users\/5"}],"replies":[{"embeddable":true,"href":"https:\/\/notitodo.com.mx\/wp\/wp-json\/wp\/v2\/comments?post=40525"}],"version-history":[{"count":1,"href":"https:\/\/notitodo.com.mx\/wp\/wp-json\/wp\/v2\/posts\/40525\/revisions"}],"predecessor-version":[{"id":40527,"href":"https:\/\/notitodo.com.mx\/wp\/wp-json\/wp\/v2\/posts\/40525\/revisions\/40527"}],"wp:featuredmedia":[{"embeddable":true,"href":"https:\/\/notitodo.com.mx\/wp\/wp-json\/wp\/v2\/media\/40526"}],"wp:attachment":[{"href":"https:\/\/notitodo.com.mx\/wp\/wp-json\/wp\/v2\/media?parent=40525"}],"wp:term":[{"taxonomy":"category","embeddable":true,"href":"https:\/\/notitodo.com.mx\/wp\/wp-json\/wp\/v2\/categories?post=40525"},{"taxonomy":"post_tag","embeddable":true,"href":"https:\/\/notitodo.com.mx\/wp\/wp-json\/wp\/v2\/tags?post=40525"}],"curies":[{"name":"wp","href":"https:\/\/api.w.org\/{rel}","templated":true}]}}