{"id":4045,"date":"2016-11-21T15:22:31","date_gmt":"2016-11-21T15:22:31","guid":{"rendered":"http:\/\/notitodo.com.mx\/wp\/?p=4045"},"modified":"2016-11-21T15:22:31","modified_gmt":"2016-11-21T15:22:31","slug":"badminton-entra-en-accion-en-la-olimpiada-municipal","status":"publish","type":"post","link":"https:\/\/notitodo.com.mx\/wp\/badminton-entra-en-accion-en-la-olimpiada-municipal\/","title":{"rendered":"B\u00e1dminton entra en acci\u00f3n en la Olimpiada Municipal"},"content":{"rendered":"<p>Como parte de la Olimpiada Municipal 2016 a cargo del Instituto Municipal de Cultura F\u00edsica, Deporte y Juventud, la disciplina de B\u00e1dminton comenz\u00f3 su programa de competencias en las diferentes categor\u00edas dentro de las instalaciones del Centro Deportivo Tricentenario.<\/p>\n<p>Las competencias arrancaron el s\u00e1bado 19 de Noviembre, mientras que, la actividad dominical arroj\u00f3 a los<!--more--> ganadores de las diferentes categor\u00edas en la disciplina participante de la justa municipal.<\/p>\n<p>Dentro de la categor\u00eda Condeba Varonil los primeros lugares fueron para<\/p>\n<p>1 Ever Mendias Escuela Cuauht\u00e9moc<\/p>\n<p>2 Edgar Acosta Esc. 1ro de Mayo<\/p>\n<p>3 Juan Garc\u00eda Esc. Alfaro Siqueiros<\/p>\n<p>3 Jovany Garc\u00eda Esc. 1ro de Mayo<\/p>\n<p>Categor\u00eda Condeba Femenil<\/p>\n<p>1 Laura Santos Esc. 1ro de Mayo<\/p>\n<p>2 Carolina Palma Esc. 1ro de Mayo<\/p>\n<p>3 Nicole R\u00edos Esc. Cuauht\u00e9moc<\/p>\n<p>Sub 11 femenil<\/p>\n<p>1 Lilia ortega Henry Wallon<\/p>\n<p>2 Vania fuentes Esc Cuauht\u00e9moc<\/p>\n<p>3 Alinne Hern\u00e1ndez Henry Wallon<\/p>\n<p>Sub 15 Varonil<\/p>\n<p>1 Sebasti\u00e1n L\u00f3pez Ymca<\/p>\n<p>2 Carlos Arguelles Esc ICHD<\/p>\n<p>3 Alan Rodr\u00edguez Sec Tec 2<\/p>\n<p>Sub 15 femenil<\/p>\n<p>1 Gabriela Paraguay Ymca<\/p>\n<p>2 Lilia Santo Esc ICHD<\/p>\n<p>3 Camila torres Esc ICHD<\/p>\n<p>3 F\u00e1tima cruz Sec Tec 2<\/p>\n<p>Sub 17<\/p>\n<p>1 Victoria Torres Ymca<\/p>\n<p>Sub 17 varonil<\/p>\n<p>1 Andr\u00e9 parra Ymca<\/p>\n<p>2 Jes\u00fas Rodr\u00edguez Esc. ICHD<\/p>\n<p>3 Erick moreno Ymca<\/p>\n<p>Sub 19 varonil<\/p>\n<p>1 Kevin parra Ymca<\/p>\n<p>2 Juan Pablo Loya ICHD<\/p>\n<p>3 Brian Rivas Ymca<\/p>\n<p>Libre<\/p>\n<p>1 Sebasti\u00e1n torres Ymca<\/p>\n<p>2 Sergio moreno Ymca<\/p>\n","protected":false},"excerpt":{"rendered":"<p>Como parte de la Olimpiada Municipal 2016 a cargo del Instituto Municipal de Cultura F\u00edsica, Deporte y Juventud, la disciplina de B\u00e1dminton comenz\u00f3 su programa de competencias en las diferentes categor\u00edas dentro de las instalaciones del Centro Deportivo Tricentenario. Las competencias arrancaron el s\u00e1bado 19 de Noviembre, mientras que, la actividad dominical arroj\u00f3 a los<\/p>\n","protected":false},"author":5,"featured_media":4046,"comment_status":"open","ping_status":"open","sticky":false,"template":"","format":"standard","meta":{"footnotes":""},"categories":[4],"tags":[],"class_list":["post-4045","post","type-post","status-publish","format-standard","has-post-thumbnail","hentry","category-deportes"],"views":6,"_links":{"self":[{"href":"https:\/\/notitodo.com.mx\/wp\/wp-json\/wp\/v2\/posts\/4045","targetHints":{"allow":["GET"]}}],"collection":[{"href":"https:\/\/notitodo.com.mx\/wp\/wp-json\/wp\/v2\/posts"}],"about":[{"href":"https:\/\/notitodo.com.mx\/wp\/wp-json\/wp\/v2\/types\/post"}],"author":[{"embeddable":true,"href":"https:\/\/notitodo.com.mx\/wp\/wp-json\/wp\/v2\/users\/5"}],"replies":[{"embeddable":true,"href":"https:\/\/notitodo.com.mx\/wp\/wp-json\/wp\/v2\/comments?post=4045"}],"version-history":[{"count":1,"href":"https:\/\/notitodo.com.mx\/wp\/wp-json\/wp\/v2\/posts\/4045\/revisions"}],"predecessor-version":[{"id":4047,"href":"https:\/\/notitodo.com.mx\/wp\/wp-json\/wp\/v2\/posts\/4045\/revisions\/4047"}],"wp:featuredmedia":[{"embeddable":true,"href":"https:\/\/notitodo.com.mx\/wp\/wp-json\/wp\/v2\/media\/4046"}],"wp:attachment":[{"href":"https:\/\/notitodo.com.mx\/wp\/wp-json\/wp\/v2\/media?parent=4045"}],"wp:term":[{"taxonomy":"category","embeddable":true,"href":"https:\/\/notitodo.com.mx\/wp\/wp-json\/wp\/v2\/categories?post=4045"},{"taxonomy":"post_tag","embeddable":true,"href":"https:\/\/notitodo.com.mx\/wp\/wp-json\/wp\/v2\/tags?post=4045"}],"curies":[{"name":"wp","href":"https:\/\/api.w.org\/{rel}","templated":true}]}}