{"id":39587,"date":"2018-09-11T02:02:30","date_gmt":"2018-09-11T02:02:30","guid":{"rendered":"http:\/\/notitodo.com.mx\/wp\/?p=39587"},"modified":"2018-09-11T02:02:30","modified_gmt":"2018-09-11T02:02:30","slug":"presenta-estudiante-de-upnech-campus-creel-proyecto-de-salud-para-grupos-vulnerables","status":"publish","type":"post","link":"https:\/\/notitodo.com.mx\/wp\/presenta-estudiante-de-upnech-campus-creel-proyecto-de-salud-para-grupos-vulnerables\/","title":{"rendered":"PRESENTA ESTUDIANTE DE UPNECH CAMPUS CREEL  PROYECTO DE SALUD PARA GRUPOS VULNERABLES"},"content":{"rendered":"<p>Como parte de la primera etapa de los ex\u00e1menes profesionales para la obtenci\u00f3n del grado acad\u00e9mico de licenciatura en la Universidad Pedag\u00f3gica Nacional del Estado de Chihuahua (UPNECH), campus Creel, la estudiante de la especialidad en Intervenci\u00f3n Educativa, Elsa Dalila N\u00fa\u00f1ez Torres, present\u00f3 el trabajo \u201cPromoci\u00f3n de la salud y las determinantes sociales con grupos vulnerables en edad escolar\u201d.<\/p>\n<p>La premisa del proyecto es promover pr\u00e1cticas de higiene y la sana alimentaci\u00f3n, as\u00ed como erradicar la violencia, mediante clases y talleres dirigidos a grupos vulnerables que estudian el nivel b\u00e1sico de primaria y secundaria.<\/p>\n<p>La joven, asesorada por la maestra Georgina Idalhy Ramos Noriz, comparti\u00f3 en este proyecto, que su visi\u00f3n respecto de las personas con alguna necesidad educativa especial, es diferente en la actualidad, debido a que la<\/p>\n<p><!--more--><\/p>\n<p>Licenciatura en Intervenci\u00f3n Educativa le permiti\u00f3 descubrir que este sector de la poblaci\u00f3n puede desarrollarse, si cuenta con las oportunidades pertinentes.<\/p>\n<p>Personal docente hizo extensiva la invitaci\u00f3n al grupo de quinto semestre de LIE para que acudieran a la exposici\u00f3n y defensa de la sustentante, y de esta manera, concientizarlos acerca de la importancia que tienen los \u00faltimos tres semestres que cursar\u00e1n, ya que en este tiempo, realizar\u00e1n el diagn\u00f3stico, planeaci\u00f3n, ejecuci\u00f3n y evaluaci\u00f3n de un proyecto de desarrollo educativo.<\/p>\n<p>La instancia receptora de alumnos para la realizaci\u00f3n de pr\u00e1cticas profesionales, fue el Centro Avanzado de Atenci\u00f3n Primaria a la Salud (CAAPS), de la comunidad de Creel, en la que una de sus principales funciones es la promoci\u00f3n de la salud en la comunidad, siguiendo un plan anual.<\/p>\n","protected":false},"excerpt":{"rendered":"<p>Como parte de la primera etapa de los ex\u00e1menes profesionales para la obtenci\u00f3n del grado acad\u00e9mico de licenciatura en la Universidad Pedag\u00f3gica Nacional del Estado de Chihuahua (UPNECH), campus Creel, la estudiante de la especialidad en Intervenci\u00f3n Educativa, Elsa Dalila N\u00fa\u00f1ez Torres, present\u00f3 el trabajo \u201cPromoci\u00f3n de la salud y las determinantes sociales con grupos [&hellip;]<\/p>\n","protected":false},"author":5,"featured_media":39588,"comment_status":"open","ping_status":"open","sticky":false,"template":"","format":"standard","meta":{"footnotes":""},"categories":[15],"tags":[],"class_list":["post-39587","post","type-post","status-publish","format-standard","has-post-thumbnail","hentry","category-educacion"],"views":9,"_links":{"self":[{"href":"https:\/\/notitodo.com.mx\/wp\/wp-json\/wp\/v2\/posts\/39587","targetHints":{"allow":["GET"]}}],"collection":[{"href":"https:\/\/notitodo.com.mx\/wp\/wp-json\/wp\/v2\/posts"}],"about":[{"href":"https:\/\/notitodo.com.mx\/wp\/wp-json\/wp\/v2\/types\/post"}],"author":[{"embeddable":true,"href":"https:\/\/notitodo.com.mx\/wp\/wp-json\/wp\/v2\/users\/5"}],"replies":[{"embeddable":true,"href":"https:\/\/notitodo.com.mx\/wp\/wp-json\/wp\/v2\/comments?post=39587"}],"version-history":[{"count":1,"href":"https:\/\/notitodo.com.mx\/wp\/wp-json\/wp\/v2\/posts\/39587\/revisions"}],"predecessor-version":[{"id":39589,"href":"https:\/\/notitodo.com.mx\/wp\/wp-json\/wp\/v2\/posts\/39587\/revisions\/39589"}],"wp:featuredmedia":[{"embeddable":true,"href":"https:\/\/notitodo.com.mx\/wp\/wp-json\/wp\/v2\/media\/39588"}],"wp:attachment":[{"href":"https:\/\/notitodo.com.mx\/wp\/wp-json\/wp\/v2\/media?parent=39587"}],"wp:term":[{"taxonomy":"category","embeddable":true,"href":"https:\/\/notitodo.com.mx\/wp\/wp-json\/wp\/v2\/categories?post=39587"},{"taxonomy":"post_tag","embeddable":true,"href":"https:\/\/notitodo.com.mx\/wp\/wp-json\/wp\/v2\/tags?post=39587"}],"curies":[{"name":"wp","href":"https:\/\/api.w.org\/{rel}","templated":true}]}}