{"id":39433,"date":"2018-09-07T21:49:54","date_gmt":"2018-09-07T21:49:54","guid":{"rendered":"http:\/\/notitodo.com.mx\/wp\/?p=39433"},"modified":"2018-09-07T21:49:54","modified_gmt":"2018-09-07T21:49:54","slug":"docentes-de-la-ut-paquime-obtienen-certificacion-en-imparticion-de-cursos","status":"publish","type":"post","link":"https:\/\/notitodo.com.mx\/wp\/docentes-de-la-ut-paquime-obtienen-certificacion-en-imparticion-de-cursos\/","title":{"rendered":"DOCENTES DE LA UT PAQUIM\u00c9 OBTIENEN CERTIFICACI\u00d3N EN IMPARTICI\u00d3N DE CURSOS"},"content":{"rendered":"<p class=\"x_MsoNormal\">Cuatro docentes de la Universidad Tecnol\u00f3gica de Paquim\u00e9, lograron obtener la certificaci\u00f3n en el est\u00e1ndar EC0217, que avala la impartici\u00f3n de cursos de formaci\u00f3n del capital humano de manera presencial grupal, distinci\u00f3n emitida por la entidad Consejo Nacional de Certificaci\u00f3n de Competencias (CONOCER).<\/p>\n<p class=\"x_MsoNormal\">\n<p class=\"x_MsoNormal\">Como parte del proceso, recibieron previamente una capacitaci\u00f3n enfocada a la preparaci\u00f3n del est\u00e1ndar mencionado, donde se les brindaron los conocimientos y herramientas necesarios para llevar a cabo con \u00e9xito su<\/p>\n<p><!--more--><\/p>\n<p class=\"x_MsoNormal\">curso muestra, y de esta manera estar preparados para acreditar dicha certificaci\u00f3n.<\/p>\n<p class=\"x_MsoNormal\">\n<p class=\"x_MsoNormal\">El rector de la UT de Paquim\u00e9, Miguel Enrique Montalvo Elizalde, fue el encargado de oficializar y otorgar los certificados, al emitir un mensaje de aliento a las y los j\u00f3venes profesores, y agradecerles su esfuerzo y dedicaci\u00f3n, para culminar con \u00e9xito este proceso.<\/p>\n<p class=\"x_MsoNormal\">\n<p class=\"x_MsoNormal\">Los docentes que obtuvieron la certificaci\u00f3n son: Gladys Yedid Guill\u00e9n Rasc\u00f3n, y Armando Favela Bencomo, que imparten clases en las carreras de Tecnolog\u00edas de la Informaci\u00f3n y Comunicaci\u00f3n, as\u00ed como Claudia Karina Zamarr\u00f3n \u00c1lvarez y Gilead Hern\u00e1ndez, de Desarrollo de Negocios, \u00e1rea Mercadotecnia.<u><\/u><\/p>\n","protected":false},"excerpt":{"rendered":"<p>Cuatro docentes de la Universidad Tecnol\u00f3gica de Paquim\u00e9, lograron obtener la certificaci\u00f3n en el est\u00e1ndar EC0217, que avala la impartici\u00f3n de cursos de formaci\u00f3n del capital humano de manera presencial grupal, distinci\u00f3n emitida por la entidad Consejo Nacional de Certificaci\u00f3n de Competencias (CONOCER). Como parte del proceso, recibieron previamente una capacitaci\u00f3n enfocada a la preparaci\u00f3n [&hellip;]<\/p>\n","protected":false},"author":5,"featured_media":39434,"comment_status":"open","ping_status":"open","sticky":false,"template":"","format":"standard","meta":{"footnotes":""},"categories":[15],"tags":[],"class_list":["post-39433","post","type-post","status-publish","format-standard","has-post-thumbnail","hentry","category-educacion"],"views":26,"_links":{"self":[{"href":"https:\/\/notitodo.com.mx\/wp\/wp-json\/wp\/v2\/posts\/39433","targetHints":{"allow":["GET"]}}],"collection":[{"href":"https:\/\/notitodo.com.mx\/wp\/wp-json\/wp\/v2\/posts"}],"about":[{"href":"https:\/\/notitodo.com.mx\/wp\/wp-json\/wp\/v2\/types\/post"}],"author":[{"embeddable":true,"href":"https:\/\/notitodo.com.mx\/wp\/wp-json\/wp\/v2\/users\/5"}],"replies":[{"embeddable":true,"href":"https:\/\/notitodo.com.mx\/wp\/wp-json\/wp\/v2\/comments?post=39433"}],"version-history":[{"count":1,"href":"https:\/\/notitodo.com.mx\/wp\/wp-json\/wp\/v2\/posts\/39433\/revisions"}],"predecessor-version":[{"id":39435,"href":"https:\/\/notitodo.com.mx\/wp\/wp-json\/wp\/v2\/posts\/39433\/revisions\/39435"}],"wp:featuredmedia":[{"embeddable":true,"href":"https:\/\/notitodo.com.mx\/wp\/wp-json\/wp\/v2\/media\/39434"}],"wp:attachment":[{"href":"https:\/\/notitodo.com.mx\/wp\/wp-json\/wp\/v2\/media?parent=39433"}],"wp:term":[{"taxonomy":"category","embeddable":true,"href":"https:\/\/notitodo.com.mx\/wp\/wp-json\/wp\/v2\/categories?post=39433"},{"taxonomy":"post_tag","embeddable":true,"href":"https:\/\/notitodo.com.mx\/wp\/wp-json\/wp\/v2\/tags?post=39433"}],"curies":[{"name":"wp","href":"https:\/\/api.w.org\/{rel}","templated":true}]}}