{"id":39371,"date":"2018-09-07T05:32:08","date_gmt":"2018-09-07T05:32:08","guid":{"rendered":"http:\/\/notitodo.com.mx\/wp\/?p=39371"},"modified":"2018-09-07T05:32:08","modified_gmt":"2018-09-07T05:32:08","slug":"con-apoyo-estatal-abre-en-cuauhtemoc-centro-regional-de-nutricion-y-albergue-materno","status":"publish","type":"post","link":"https:\/\/notitodo.com.mx\/wp\/con-apoyo-estatal-abre-en-cuauhtemoc-centro-regional-de-nutricion-y-albergue-materno\/","title":{"rendered":"CON APOYO ESTATAL ABRE EN CUAUHT\u00c9MOC CENTRO REGIONAL DE NUTRICI\u00d3N Y ALBERGUE MATERNO"},"content":{"rendered":"<p>Se conjuntan esfuerzos con el Gobierno Municipal para combatir desnutrici\u00f3n infantil y muerte materna; se firma convenio para garantizar operaci\u00f3n del Centro que dar\u00e1 atenci\u00f3n a poblaci\u00f3n m\u00e1s vulnerable de la Sierra de Chihuahua<\/p>\n<p>El gobernador Javier Corral Jurado inaugur\u00f3 el Centro Regional de Nutrici\u00f3n y Albergue Materno (Cerenam) en Cuauht\u00e9moc, que ayudar\u00e1 a atender la nutrici\u00f3n de las ni\u00f1as y los ni\u00f1os de esa regi\u00f3n, as\u00ed como a combatir las muertes maternas.<\/p>\n<p>\u201cVenimos a cerrar un ciclo de trabajo, de esfuerzo y colaboraci\u00f3n institucional con el municipio\u201d, declar\u00f3 el gobernador Javier Corral al inaugurar el Cerenam, que junto con el<\/p>\n<p><!--more--><\/p>\n<p>Telebachillerato Comunitario No. 80153, implic\u00f3 una inversi\u00f3n conjunta Municipal- Estatal de casi 3 millones de pesos.<\/p>\n<p>Acompa\u00f1ado por la presidenta del DIF Estatal, Cinthia Chavira Gamboa, el mandatario estatal apunt\u00f3 que uno de los objetivo del Plan Estatal de Desarrollo 2017-2021 es precisamente la nutrici\u00f3n de ni\u00f1os menores de cinco a\u00f1os, as\u00ed como la atenci\u00f3n de las mujeres embarazadas o en lactancia en riesgo, porque la desnutrici\u00f3n de la madre puede generar problemas permanentes en el desarrollo del menor desde el embarazo.<\/p>\n<p>Lament\u00f3 que sean pocos los gobiernos que se preocupan en priorizar la Declaraci\u00f3n de los Derechos de Ni\u00f1o por parte de la ONU, para atender de manera prioritaria que todos los ni\u00f1os y ni\u00f1as tengan garantizada una alimentaci\u00f3n accesible, duradera y en condiciones saludables.<\/p>\n<p>Abund\u00f3 en el tema y dijo que en el \u00e1mbito estatal, 12 de cada 100 ni\u00f1os y ni\u00f1as presentan desnutrici\u00f3n y en zonas rurales la cifra a 24 de cada 100, lo cual da cuenta de la situaci\u00f3n.<br \/>\nEl jefe del Ejecutivo especific\u00f3 que Chihuahua es el cuarto lugar nacional en cuanto a muertes maternas y el 65 por ciento de ellas ocurre en Guadalupe y Calvo, Guachochi, Batopilas, Ju\u00e1rez y Chihuahua.<\/p>\n<p>Dijo que con centros como el que se entreg\u00f3 este d\u00eda, el Gobierno del Estado refrenda su compromiso con las ni\u00f1as y los ni\u00f1os, as\u00ed como con las madres de Chihuahua.<br \/>\nDestac\u00f3 que siempre se sinti\u00f3 identificado con las autoridades de esta municipalidad, porque es un grupo de regidores y regidoras que se uniforman no solamente en el atuendo, sino en la conjunci\u00f3n de objetivos de la administraci\u00f3n municipal.<\/p>\n<p>El gobernador celebr\u00f3 que aqu\u00ed tambi\u00e9n estar\u00e1 en Centro de Atenci\u00f3n a la Violencia Familiar, que se terminar\u00e1 de adecuar en el corto plazo.<br \/>\nPor \u00faltimo, hizo votos porque se mantenga esta colaboraci\u00f3n, porque lo principal de las acciones del Gobierno es la poblaci\u00f3n.<\/p>\n<p>A su vez, la presidenta del DIF Estatal, Cinthia Chavira, comparti\u00f3 que en todas las visitas que se han realizado a este municipio se obtuvieron positivos resultados en acciones a favor de la poblaci\u00f3n cuauhtemense, para lo cual la instancia a su cargo y el Ayuntamiento unieron esfuerzos y recursos para atender a mujeres encinta y a los ni\u00f1os menores de cinco a\u00f1os en situaci\u00f3n de desnutrici\u00f3n.<\/p>\n<p>Reiter\u00f3 el compromiso que se tiene en la atenci\u00f3n al \u00edndice de mujeres embarazadas en riesgo y desnutrici\u00f3n infantil.<\/p>\n<p>En su participaci\u00f3n, el alcalde de Cuauht\u00e9moc, Humberto P\u00e9rez Holgu\u00edn, se\u00f1al\u00f3 que este es un d\u00eda muy importante para las administraciones municipal y estatal, a trav\u00e9s de sus sistemas DIF, porque unieron esfuerzos para hacer posible este Centro, adem\u00e1s del telebachillerato, que era una de las demandas m\u00e1s sentidas de los habitantes de esta zona de la ciudad.<\/p>\n","protected":false},"excerpt":{"rendered":"<p>Se conjuntan esfuerzos con el Gobierno Municipal para combatir desnutrici\u00f3n infantil y muerte materna; se firma convenio para garantizar operaci\u00f3n del Centro que dar\u00e1 atenci\u00f3n a poblaci\u00f3n m\u00e1s vulnerable de la Sierra de Chihuahua El gobernador Javier Corral Jurado inaugur\u00f3 el Centro Regional de Nutrici\u00f3n y Albergue Materno (Cerenam) en Cuauht\u00e9moc, que ayudar\u00e1 a atender [&hellip;]<\/p>\n","protected":false},"author":5,"featured_media":39372,"comment_status":"open","ping_status":"open","sticky":false,"template":"","format":"standard","meta":{"footnotes":""},"categories":[15],"tags":[],"class_list":["post-39371","post","type-post","status-publish","format-standard","has-post-thumbnail","hentry","category-educacion"],"views":23,"_links":{"self":[{"href":"https:\/\/notitodo.com.mx\/wp\/wp-json\/wp\/v2\/posts\/39371","targetHints":{"allow":["GET"]}}],"collection":[{"href":"https:\/\/notitodo.com.mx\/wp\/wp-json\/wp\/v2\/posts"}],"about":[{"href":"https:\/\/notitodo.com.mx\/wp\/wp-json\/wp\/v2\/types\/post"}],"author":[{"embeddable":true,"href":"https:\/\/notitodo.com.mx\/wp\/wp-json\/wp\/v2\/users\/5"}],"replies":[{"embeddable":true,"href":"https:\/\/notitodo.com.mx\/wp\/wp-json\/wp\/v2\/comments?post=39371"}],"version-history":[{"count":1,"href":"https:\/\/notitodo.com.mx\/wp\/wp-json\/wp\/v2\/posts\/39371\/revisions"}],"predecessor-version":[{"id":39373,"href":"https:\/\/notitodo.com.mx\/wp\/wp-json\/wp\/v2\/posts\/39371\/revisions\/39373"}],"wp:featuredmedia":[{"embeddable":true,"href":"https:\/\/notitodo.com.mx\/wp\/wp-json\/wp\/v2\/media\/39372"}],"wp:attachment":[{"href":"https:\/\/notitodo.com.mx\/wp\/wp-json\/wp\/v2\/media?parent=39371"}],"wp:term":[{"taxonomy":"category","embeddable":true,"href":"https:\/\/notitodo.com.mx\/wp\/wp-json\/wp\/v2\/categories?post=39371"},{"taxonomy":"post_tag","embeddable":true,"href":"https:\/\/notitodo.com.mx\/wp\/wp-json\/wp\/v2\/tags?post=39371"}],"curies":[{"name":"wp","href":"https:\/\/api.w.org\/{rel}","templated":true}]}}