{"id":38580,"date":"2018-08-29T01:41:02","date_gmt":"2018-08-29T01:41:02","guid":{"rendered":"http:\/\/notitodo.com.mx\/wp\/?p=38580"},"modified":"2018-08-29T01:41:02","modified_gmt":"2018-08-29T01:41:02","slug":"se-une-upnech-parral-en-el-cuidado-y-preservacion-del-medio-ambiente","status":"publish","type":"post","link":"https:\/\/notitodo.com.mx\/wp\/se-une-upnech-parral-en-el-cuidado-y-preservacion-del-medio-ambiente\/","title":{"rendered":"SE UNE UPNECH PARRAL EN EL CUIDADO Y PRESERVACI\u00d3N DEL MEDIO AMBIENTE"},"content":{"rendered":"<p>La Universidad Pedag\u00f3gica Nacional del Estado de Chihuahua (UPNECH) campus Parral, se uni\u00f3 a las acciones en pro del medio ambiente que se llevan a cabo en la comunidad y a nivel mundial.<\/p>\n<p>Adem\u00e1s, con el objetivo de brindar a las y los estudiantes un \u00e1rea arbolada, ya que un \u00e1rbol es un pulm\u00f3n que emite aire puro y limpio, al ser generador de ox\u00edgeno y reducir la contaminaci\u00f3n, se iniciar\u00e1 un proceso de reforestaci\u00f3n que mejorar\u00e1 el entorno, pues a consecuencia del crecimiento de la mancha urbana se requiere de m\u00e1s \u00e1reas verdes que produzcan ox\u00edgeno y purifiquen el aire.<\/p>\n<p>Carlos Alfonso Valenzuela, director del plantel, encabez\u00f3 esta actividad acompa\u00f1ado por una parte de su equipo de trabajo, quienes por convicci\u00f3n propia, decidieron efectuar esta<\/p>\n<p><!--more--><\/p>\n<p>positiva labor por la ecolog\u00eda y el ambiente.<\/p>\n<p>Con palas, picos, agua y las condiciones del tiempo a favor, se plantaron algunos nogales en las jardineras traseras de la escuela, con la convicci\u00f3n y prop\u00f3sito de que despu\u00e9s de esta acci\u00f3n, se planea realizar otras m\u00e1s, en beneficio de las futuras generaciones.<\/p>\n<p>Pedro Rubio Molina, encargado del despacho de rector\u00eda de la UPNECH, reconoci\u00f3 la labor del campus Parral a favor de la conciencia y amor por la naturaleza, y conmin\u00f3 al resto de los planteles que conforman dicha instituci\u00f3n, a multiplicar y participar en esta encomiable labor.<\/p>\n","protected":false},"excerpt":{"rendered":"<p>La Universidad Pedag\u00f3gica Nacional del Estado de Chihuahua (UPNECH) campus Parral, se uni\u00f3 a las acciones en pro del medio ambiente que se llevan a cabo en la comunidad y a nivel mundial. Adem\u00e1s, con el objetivo de brindar a las y los estudiantes un \u00e1rea arbolada, ya que un \u00e1rbol es un pulm\u00f3n que [&hellip;]<\/p>\n","protected":false},"author":5,"featured_media":0,"comment_status":"open","ping_status":"open","sticky":false,"template":"","format":"standard","meta":{"footnotes":""},"categories":[15],"tags":[],"class_list":["post-38580","post","type-post","status-publish","format-standard","hentry","category-educacion"],"views":10,"_links":{"self":[{"href":"https:\/\/notitodo.com.mx\/wp\/wp-json\/wp\/v2\/posts\/38580","targetHints":{"allow":["GET"]}}],"collection":[{"href":"https:\/\/notitodo.com.mx\/wp\/wp-json\/wp\/v2\/posts"}],"about":[{"href":"https:\/\/notitodo.com.mx\/wp\/wp-json\/wp\/v2\/types\/post"}],"author":[{"embeddable":true,"href":"https:\/\/notitodo.com.mx\/wp\/wp-json\/wp\/v2\/users\/5"}],"replies":[{"embeddable":true,"href":"https:\/\/notitodo.com.mx\/wp\/wp-json\/wp\/v2\/comments?post=38580"}],"version-history":[{"count":1,"href":"https:\/\/notitodo.com.mx\/wp\/wp-json\/wp\/v2\/posts\/38580\/revisions"}],"predecessor-version":[{"id":38583,"href":"https:\/\/notitodo.com.mx\/wp\/wp-json\/wp\/v2\/posts\/38580\/revisions\/38583"}],"wp:attachment":[{"href":"https:\/\/notitodo.com.mx\/wp\/wp-json\/wp\/v2\/media?parent=38580"}],"wp:term":[{"taxonomy":"category","embeddable":true,"href":"https:\/\/notitodo.com.mx\/wp\/wp-json\/wp\/v2\/categories?post=38580"},{"taxonomy":"post_tag","embeddable":true,"href":"https:\/\/notitodo.com.mx\/wp\/wp-json\/wp\/v2\/tags?post=38580"}],"curies":[{"name":"wp","href":"https:\/\/api.w.org\/{rel}","templated":true}]}}