{"id":38319,"date":"2018-08-26T02:29:10","date_gmt":"2018-08-26T02:29:10","guid":{"rendered":"http:\/\/notitodo.com.mx\/wp\/?p=38319"},"modified":"2018-08-26T02:29:10","modified_gmt":"2018-08-26T02:29:10","slug":"crean-en-escuela-de-educacion-especial-proyecto-para-la-elaboracion-de-producto-gourmet","status":"publish","type":"post","link":"https:\/\/notitodo.com.mx\/wp\/crean-en-escuela-de-educacion-especial-proyecto-para-la-elaboracion-de-producto-gourmet\/","title":{"rendered":"CREAN EN ESCUELA DE EDUCACI\u00d3N ESPECIAL PROYECTO PARA LA ELABORACI\u00d3N DE PRODUCTO GOURMET"},"content":{"rendered":"<p>Estudiantes del \u00e1rea laboral del Centro de Atenci\u00f3n M\u00faltiple (CAM) n\u00famero 18 de la ciudad de Chihuahua, pondr\u00e1n pr\u00f3ximamente a la venta tomate deshidratado, el cual se producir\u00e1 de manera sustentable y ecol\u00f3gica, para surtir al mercado gourmet.<\/p>\n<p>Alumnas y alumnas con distintos grados y con diversos tipos de discapacidad, ser\u00e1n los encargados, con el apoyo de sus docentes y j\u00f3venes de la agrupaci\u00f3n \u201cDream\u201d, de llevar a cabo el proceso de siembra, cosecha y venta del tomate dentro de<\/p>\n<p><!--more--><\/p>\n<p>las propias instalaciones del plantel educativo.<\/p>\n<p>Un equipo de 22 j\u00f3venes con discapacidad, con edades entre 18 y 22 a\u00f1os, recibir\u00e1n capacitaci\u00f3n para llevar a cabo dicho proyecto productivo.<\/p>\n<p>Lo anterior, con el objetivo de crear una cooperativa propia del plantel, como una fuente de trabajo, que les permita ser autosuficientes, m\u00e1s desenvueltos y, lo m\u00e1s importante, recibir una remuneraci\u00f3n econ\u00f3mica por su actividad, misma que les permitir\u00e1 tambi\u00e9n mejorar su calidad de vida.<\/p>\n<p>Adem\u00e1s con ello van a tener la oportunidad, en un futuro cercano, de poder convertir esta cooperativa en su propia empresa.<\/p>\n<p>Si bien el CAM ya contaba con un peque\u00f1o invernadero, fue a trav\u00e9s de las donaciones de empresas locales, asociaciones y de la Sociedad Civil, que se logr\u00f3 reunir todo lo necesario para dar inicio al proyecto.<\/p>\n<p>Art\u00edculos como palas, tijeras, mangueras para el sistema de riego, estanter\u00eda, m\u00e1quinas deshidratadoras, entre otros objetos, forman las herramientas de trabajo con las que los y las j\u00f3venes iniciar\u00e1n su proyecto productivo.<\/p>\n<p>Se espera que durante los meses siguientes est\u00e9 listo el primer lote de producci\u00f3n de tomate, el cual ser\u00e1 ofrecido en primera instancia a personas cercanas a los estudiantes, con el objetivo de darlo a conocer.<\/p>\n<p>Posteriormente la idea es empezar a comercializarlo con las empresas locales, con el fin de poder crear una marca patentada y que adem\u00e1s, pueda ser reconocida por su calidad de producto, destacando como valor agregado el hecho de ser un insumo alimenticio producido por personas con alguna discapacidad.<\/p>\n<p>Este proyecto tambi\u00e9n busca integrar a las familias del estudiantado participante y generar con ello una cercana colaboraci\u00f3n entre familias, docentes y la sociedad chihuahuense.<\/p>\n<p>Las personas interesadas en conocer y apoyar este plan de producci\u00f3n, se pueden comunicar al plantel educativo, al tel\u00e9fono 614-4-17-30-83 \u00f3 bien acudir a las calles Jos\u00e9 Mar\u00eda Iglesias y Tepehuanos, en la colonia Infonavit Nacional de la ciudad de Chihuahua.<\/p>\n","protected":false},"excerpt":{"rendered":"<p>Estudiantes del \u00e1rea laboral del Centro de Atenci\u00f3n M\u00faltiple (CAM) n\u00famero 18 de la ciudad de Chihuahua, pondr\u00e1n pr\u00f3ximamente a la venta tomate deshidratado, el cual se producir\u00e1 de manera sustentable y ecol\u00f3gica, para surtir al mercado gourmet. Alumnas y alumnas con distintos grados y con diversos tipos de discapacidad, ser\u00e1n los encargados, con el [&hellip;]<\/p>\n","protected":false},"author":5,"featured_media":38320,"comment_status":"open","ping_status":"open","sticky":false,"template":"","format":"standard","meta":{"footnotes":""},"categories":[15],"tags":[],"class_list":["post-38319","post","type-post","status-publish","format-standard","has-post-thumbnail","hentry","category-educacion"],"views":40,"_links":{"self":[{"href":"https:\/\/notitodo.com.mx\/wp\/wp-json\/wp\/v2\/posts\/38319","targetHints":{"allow":["GET"]}}],"collection":[{"href":"https:\/\/notitodo.com.mx\/wp\/wp-json\/wp\/v2\/posts"}],"about":[{"href":"https:\/\/notitodo.com.mx\/wp\/wp-json\/wp\/v2\/types\/post"}],"author":[{"embeddable":true,"href":"https:\/\/notitodo.com.mx\/wp\/wp-json\/wp\/v2\/users\/5"}],"replies":[{"embeddable":true,"href":"https:\/\/notitodo.com.mx\/wp\/wp-json\/wp\/v2\/comments?post=38319"}],"version-history":[{"count":1,"href":"https:\/\/notitodo.com.mx\/wp\/wp-json\/wp\/v2\/posts\/38319\/revisions"}],"predecessor-version":[{"id":38321,"href":"https:\/\/notitodo.com.mx\/wp\/wp-json\/wp\/v2\/posts\/38319\/revisions\/38321"}],"wp:featuredmedia":[{"embeddable":true,"href":"https:\/\/notitodo.com.mx\/wp\/wp-json\/wp\/v2\/media\/38320"}],"wp:attachment":[{"href":"https:\/\/notitodo.com.mx\/wp\/wp-json\/wp\/v2\/media?parent=38319"}],"wp:term":[{"taxonomy":"category","embeddable":true,"href":"https:\/\/notitodo.com.mx\/wp\/wp-json\/wp\/v2\/categories?post=38319"},{"taxonomy":"post_tag","embeddable":true,"href":"https:\/\/notitodo.com.mx\/wp\/wp-json\/wp\/v2\/tags?post=38319"}],"curies":[{"name":"wp","href":"https:\/\/api.w.org\/{rel}","templated":true}]}}