{"id":37062,"date":"2018-07-12T17:59:17","date_gmt":"2018-07-12T17:59:17","guid":{"rendered":"http:\/\/notitodo.com.mx\/wp\/?p=37062"},"modified":"2018-07-12T17:59:17","modified_gmt":"2018-07-12T17:59:17","slug":"concluyen-su-maestria-en-educacion-25-estudiantes-de-la-upnech-delicias","status":"publish","type":"post","link":"https:\/\/notitodo.com.mx\/wp\/concluyen-su-maestria-en-educacion-25-estudiantes-de-la-upnech-delicias\/","title":{"rendered":"CONCLUYEN SU MAESTR\u00cdA EN EDUCACI\u00d3N 25 ESTUDIANTES DE LA UPNECH DELICIAS"},"content":{"rendered":"<p>La generaci\u00f3n 2016 -2018 de las maestr\u00edas en Educaci\u00f3n Media Superior, Educaci\u00f3n Campo Pr\u00e1ctica Docente y Educaci\u00f3n B\u00e1sica de la Universidad Pedag\u00f3gica Nacional del Estado de Chihuahua (UPNECH), Campus Delicias, llev\u00f3 a cabo la ceremonia de graduaci\u00f3n para celebrar la culminaci\u00f3n de su formaci\u00f3n profesional.<\/p>\n<p>El evento se llev\u00f3 a cabo en el auditorio \u201cCarlos Garc\u00eda Manr\u00edquez Guti\u00e9rrez\u201d del Museo del Desierto en dicha ciudad.<\/p>\n<p>Para compartir con los compa\u00f1eros, docentes, amigos y familiares los retos superados durante dos a\u00f1os de formaci\u00f3n, los estudiantes, Wendy Rosa Bustillos Carrillo y Sadher Torres Figueroa fueron los encargados de dirigir un mensaje.<\/p>\n<p>La participaci\u00f3n musical estuvo a cargo de la Orquesta de Guitarras de Delicias (OGDe) quien<\/p>\n<p><!--more--><\/p>\n<p>interpreto algunas melod\u00edas con el benepl\u00e1cito de los familiares y funcionarios asistentes.<\/p>\n<p>La directora del campus Delicias,Alma Delia Campos Arroyo destac\u00f3 el esfuerzo de los estudiantes \u201cestar aqu\u00ed para ustedes no ha sido f\u00e1cil y lo sabemos sin embargo la cosecha ha sido buena, que este \u00e9xito sea la oportunidad para hacer algo por nuestra sociedad\u201d, se\u00f1al\u00f3.<\/p>\n<p>En representaci\u00f3n de Pedro Rubio Molina, encargado del despacho de la rector\u00eda de la UPNECH, asisti\u00f3 la Emma de la O Rodr\u00edguez, coordinadora de Comunicaci\u00f3n de la instituci\u00f3n, quien deseo mucho \u00e9xito a los egresados y destac\u00f3 que la universidad se caracteriza por tener un enfoque human\u00edstico.<\/p>\n","protected":false},"excerpt":{"rendered":"<p>La generaci\u00f3n 2016 -2018 de las maestr\u00edas en Educaci\u00f3n Media Superior, Educaci\u00f3n Campo Pr\u00e1ctica Docente y Educaci\u00f3n B\u00e1sica de la Universidad Pedag\u00f3gica Nacional del Estado de Chihuahua (UPNECH), Campus Delicias, llev\u00f3 a cabo la ceremonia de graduaci\u00f3n para celebrar la culminaci\u00f3n de su formaci\u00f3n profesional. El evento se llev\u00f3 a cabo en el auditorio \u201cCarlos [&hellip;]<\/p>\n","protected":false},"author":5,"featured_media":37063,"comment_status":"open","ping_status":"open","sticky":false,"template":"","format":"standard","meta":{"footnotes":""},"categories":[15],"tags":[],"class_list":["post-37062","post","type-post","status-publish","format-standard","has-post-thumbnail","hentry","category-educacion"],"views":23,"_links":{"self":[{"href":"https:\/\/notitodo.com.mx\/wp\/wp-json\/wp\/v2\/posts\/37062","targetHints":{"allow":["GET"]}}],"collection":[{"href":"https:\/\/notitodo.com.mx\/wp\/wp-json\/wp\/v2\/posts"}],"about":[{"href":"https:\/\/notitodo.com.mx\/wp\/wp-json\/wp\/v2\/types\/post"}],"author":[{"embeddable":true,"href":"https:\/\/notitodo.com.mx\/wp\/wp-json\/wp\/v2\/users\/5"}],"replies":[{"embeddable":true,"href":"https:\/\/notitodo.com.mx\/wp\/wp-json\/wp\/v2\/comments?post=37062"}],"version-history":[{"count":1,"href":"https:\/\/notitodo.com.mx\/wp\/wp-json\/wp\/v2\/posts\/37062\/revisions"}],"predecessor-version":[{"id":37064,"href":"https:\/\/notitodo.com.mx\/wp\/wp-json\/wp\/v2\/posts\/37062\/revisions\/37064"}],"wp:featuredmedia":[{"embeddable":true,"href":"https:\/\/notitodo.com.mx\/wp\/wp-json\/wp\/v2\/media\/37063"}],"wp:attachment":[{"href":"https:\/\/notitodo.com.mx\/wp\/wp-json\/wp\/v2\/media?parent=37062"}],"wp:term":[{"taxonomy":"category","embeddable":true,"href":"https:\/\/notitodo.com.mx\/wp\/wp-json\/wp\/v2\/categories?post=37062"},{"taxonomy":"post_tag","embeddable":true,"href":"https:\/\/notitodo.com.mx\/wp\/wp-json\/wp\/v2\/tags?post=37062"}],"curies":[{"name":"wp","href":"https:\/\/api.w.org\/{rel}","templated":true}]}}