{"id":35852,"date":"2018-05-28T23:15:58","date_gmt":"2018-05-28T23:15:58","guid":{"rendered":"http:\/\/notitodo.com.mx\/wp\/?p=35852"},"modified":"2018-05-28T23:15:58","modified_gmt":"2018-05-28T23:15:58","slug":"da-a-conocer-sep-calendarios-escolares-para-ciclo-2018-2019","status":"publish","type":"post","link":"https:\/\/notitodo.com.mx\/wp\/da-a-conocer-sep-calendarios-escolares-para-ciclo-2018-2019\/","title":{"rendered":"Da a conocer SEP calendarios escolares para ciclo 2018-2019"},"content":{"rendered":"<p>A trav\u00e9s del Diario Oficial de la Federaci\u00f3n, la Secretar\u00eda de Educaci\u00f3n P\u00fablica (SEP) dio a conocer los calendarios de 185 y 195 d\u00edas para el ciclo escolar 2018-2019 para preescolar, primaria y secundaria, as\u00ed como de 200 d\u00edas para estudios normalistas y otros dedicados a la formaci\u00f3n de maestros de educaci\u00f3n b\u00e1sica.<\/p>\n<p>Cabe destacar que cada plantel educativo elige el calendario de su preferencia con el objetivo de atender las necesidades individuales de cada instituci\u00f3n, mejorar el aprovechamiento del tiempo escolar, fortalecer la autonom\u00eda de la gesti\u00f3n de las escuelas y hacer frente a la diversidad de climas a lo largo de la entidad.<\/p>\n<p>De acuerdo con el calendario, las clases dar\u00e1n inicio el 20 de agosto de 2018, contempla cuatro puentes, dos d\u00edas feriados a mitad de semana y tres per\u00edodos vacacionales.<\/p>\n<p>Estipula adem\u00e1s que la aplicaci\u00f3n del Plan Nacional para la Evaluaci\u00f3n de los Aprendizajes (PLANEA) para alumnos de tercer grado de secundaria, se efectuar\u00e1 el 11 y 12 de junio, y la evaluaci\u00f3n diagn\u00f3stica de esta misma prueba para alumnos de cuarto grado de primaria, el 5 y 6 de septiembre.<!--more--><\/p>\n<p>Contempla tres periodos vacacionales, los cuales ser\u00e1n de la siguiente manera: del 20 de diciembre de 2018 al 4 de enero de 2019; del 15 al 26 de abril y del 9 al 31 de julio.<\/p>\n<p>Adem\u00e1s habr\u00e1 suspensi\u00f3n de clases en ocho viernes, debido a las reuniones de los Consejos T\u00e9cnico Escolar.<\/p>\n","protected":false},"excerpt":{"rendered":"<p>A trav\u00e9s del Diario Oficial de la Federaci\u00f3n, la Secretar\u00eda de Educaci\u00f3n P\u00fablica (SEP) dio a conocer los calendarios de 185 y 195 d\u00edas para el ciclo escolar 2018-2019 para preescolar, primaria y secundaria, as\u00ed como de 200 d\u00edas para estudios normalistas y otros dedicados a la formaci\u00f3n de maestros de educaci\u00f3n b\u00e1sica. Cabe destacar [&hellip;]<\/p>\n","protected":false},"author":5,"featured_media":35853,"comment_status":"open","ping_status":"open","sticky":false,"template":"","format":"standard","meta":{"footnotes":""},"categories":[7],"tags":[],"class_list":["post-35852","post","type-post","status-publish","format-standard","has-post-thumbnail","hentry","category-estatales"],"views":4,"_links":{"self":[{"href":"https:\/\/notitodo.com.mx\/wp\/wp-json\/wp\/v2\/posts\/35852","targetHints":{"allow":["GET"]}}],"collection":[{"href":"https:\/\/notitodo.com.mx\/wp\/wp-json\/wp\/v2\/posts"}],"about":[{"href":"https:\/\/notitodo.com.mx\/wp\/wp-json\/wp\/v2\/types\/post"}],"author":[{"embeddable":true,"href":"https:\/\/notitodo.com.mx\/wp\/wp-json\/wp\/v2\/users\/5"}],"replies":[{"embeddable":true,"href":"https:\/\/notitodo.com.mx\/wp\/wp-json\/wp\/v2\/comments?post=35852"}],"version-history":[{"count":1,"href":"https:\/\/notitodo.com.mx\/wp\/wp-json\/wp\/v2\/posts\/35852\/revisions"}],"predecessor-version":[{"id":35854,"href":"https:\/\/notitodo.com.mx\/wp\/wp-json\/wp\/v2\/posts\/35852\/revisions\/35854"}],"wp:featuredmedia":[{"embeddable":true,"href":"https:\/\/notitodo.com.mx\/wp\/wp-json\/wp\/v2\/media\/35853"}],"wp:attachment":[{"href":"https:\/\/notitodo.com.mx\/wp\/wp-json\/wp\/v2\/media?parent=35852"}],"wp:term":[{"taxonomy":"category","embeddable":true,"href":"https:\/\/notitodo.com.mx\/wp\/wp-json\/wp\/v2\/categories?post=35852"},{"taxonomy":"post_tag","embeddable":true,"href":"https:\/\/notitodo.com.mx\/wp\/wp-json\/wp\/v2\/tags?post=35852"}],"curies":[{"name":"wp","href":"https:\/\/api.w.org\/{rel}","templated":true}]}}