{"id":30642,"date":"2018-03-07T20:15:58","date_gmt":"2018-03-07T20:15:58","guid":{"rendered":"http:\/\/notitodo.com.mx\/wp\/?p=30642"},"modified":"2018-03-07T20:15:58","modified_gmt":"2018-03-07T20:15:58","slug":"lanza-pan-municipal-campana-hagamos-mas-por-chihuahua","status":"publish","type":"post","link":"https:\/\/notitodo.com.mx\/wp\/lanza-pan-municipal-campana-hagamos-mas-por-chihuahua\/","title":{"rendered":"Lanza PAN Municipal campa\u00f1a Hagamos M\u00e1s Por Chihuahua"},"content":{"rendered":"<p>Arturo Garc\u00eda Portillo, Vocero de Comunicaci\u00f3n del PAN Municipal Chihuahua llev\u00f3 a cabo el lanzamiento de la campa\u00f1a institucional Hagamos M\u00e1s Por Chihuahua, para difundir los buenos resultados de los gobiernos panistas.<\/p>\n<p>Durante la presentaci\u00f3n dio a conocer que la campa\u00f1a consiste en la realizaci\u00f3n de diversas actividades, fundamentalmente la colocaci\u00f3n de carteleras en varias partes de la ciudad, as\u00ed como presencia en la calle por parte de los miembros del partido. La misma se realiza en apego estricto a la ley, por lo cual no debe ser objeto de ninguna queja por parte de otras formaciones partidarias. Algunos de ellos incuso tienen ya una campa\u00f1a semejante, y estar\u00e1 vigente durante el llamado tiempo de \u201cinter-campa\u00f1as\u201d, que es pr\u00e1cticamente el resto del mes de marzo.<\/p>\n<p>\u201cEs para que la ciudadan\u00eda conozca los logros y la plataforma con la cual nos presentamos ante ellos\u201d, expres\u00f3 ante los medios de comunicaci\u00f3n.<!--more--><\/p>\n<p>Enfatiz\u00f3 que es una muestra de lo que los gobiernos emanados del PAN han hecho por la ciudadan\u00eda, en atenci\u00f3n a sus necesidades. \u201cVale la pena que la sociedad conozca y valore las buenas acciones de sus gobiernos\u201d.<\/p>\n<p>En este anuncio estuvo acompa\u00f1ad de la licenciada Mayra Arroniz representante jur\u00eddica del Comit\u00e9 Directivo Estatal del PAN, as\u00ed como de la Presidenta y el Secretario General del CDM PAN Chihuahua, Paloma Aguirre y Enrique Villarreal se realiz\u00f3 el lanzamiento de la campa\u00f1a a los medios de comunicaci\u00f3n.<\/p>\n","protected":false},"excerpt":{"rendered":"<p>Arturo Garc\u00eda Portillo, Vocero de Comunicaci\u00f3n del PAN Municipal Chihuahua llev\u00f3 a cabo el lanzamiento de la campa\u00f1a institucional Hagamos M\u00e1s Por Chihuahua, para difundir los buenos resultados de los gobiernos panistas. Durante la presentaci\u00f3n dio a conocer que la campa\u00f1a consiste en la realizaci\u00f3n de diversas actividades, fundamentalmente la colocaci\u00f3n de carteleras en varias [&hellip;]<\/p>\n","protected":false},"author":5,"featured_media":30643,"comment_status":"open","ping_status":"open","sticky":false,"template":"","format":"standard","meta":{"footnotes":""},"categories":[9],"tags":[],"class_list":["post-30642","post","type-post","status-publish","format-standard","has-post-thumbnail","hentry","category-locales"],"views":26,"_links":{"self":[{"href":"https:\/\/notitodo.com.mx\/wp\/wp-json\/wp\/v2\/posts\/30642","targetHints":{"allow":["GET"]}}],"collection":[{"href":"https:\/\/notitodo.com.mx\/wp\/wp-json\/wp\/v2\/posts"}],"about":[{"href":"https:\/\/notitodo.com.mx\/wp\/wp-json\/wp\/v2\/types\/post"}],"author":[{"embeddable":true,"href":"https:\/\/notitodo.com.mx\/wp\/wp-json\/wp\/v2\/users\/5"}],"replies":[{"embeddable":true,"href":"https:\/\/notitodo.com.mx\/wp\/wp-json\/wp\/v2\/comments?post=30642"}],"version-history":[{"count":1,"href":"https:\/\/notitodo.com.mx\/wp\/wp-json\/wp\/v2\/posts\/30642\/revisions"}],"predecessor-version":[{"id":30644,"href":"https:\/\/notitodo.com.mx\/wp\/wp-json\/wp\/v2\/posts\/30642\/revisions\/30644"}],"wp:featuredmedia":[{"embeddable":true,"href":"https:\/\/notitodo.com.mx\/wp\/wp-json\/wp\/v2\/media\/30643"}],"wp:attachment":[{"href":"https:\/\/notitodo.com.mx\/wp\/wp-json\/wp\/v2\/media?parent=30642"}],"wp:term":[{"taxonomy":"category","embeddable":true,"href":"https:\/\/notitodo.com.mx\/wp\/wp-json\/wp\/v2\/categories?post=30642"},{"taxonomy":"post_tag","embeddable":true,"href":"https:\/\/notitodo.com.mx\/wp\/wp-json\/wp\/v2\/tags?post=30642"}],"curies":[{"name":"wp","href":"https:\/\/api.w.org\/{rel}","templated":true}]}}