{"id":30375,"date":"2018-03-05T01:33:32","date_gmt":"2018-03-05T01:33:32","guid":{"rendered":"http:\/\/notitodo.com.mx\/wp\/?p=30375"},"modified":"2018-03-05T01:33:32","modified_gmt":"2018-03-05T01:33:32","slug":"en-sede-alterna-regresan-a-clases-el-lunes-alumnos-de-upnech","status":"publish","type":"post","link":"https:\/\/notitodo.com.mx\/wp\/en-sede-alterna-regresan-a-clases-el-lunes-alumnos-de-upnech\/","title":{"rendered":"En sede alterna regresan a clases el lunes alumnos de UPNECH"},"content":{"rendered":"<p>*Estudiantes tendr\u00e1n que acudir a explanada de la Biblioteca Central de la UACH 1<\/p>\n<p>En beneficio directo de las alumnas y alumnos, as\u00ed como continuar con las acciones para brindar una educaci\u00f3n de calidad, la Universidad Pedag\u00f3gica Nacional del Estado de Chihuahua (UPNECH), reiniciar\u00e1 sus clases el pr\u00f3ximo lunes 5 de marzo en una sede alterna, en tanto se contin\u00faa con reuniones de acercamiento con el grupo de estudiantes que mantiene tomada la instalaciones.<\/p>\n<p>Las y los estudiantes del turno matutino tendr\u00e1n que presentarse a las 8:30 horas en la explanada de la Biblioteca Central de la UACH I, ubicada sobre la avenida Universidad, junto al gimnasio Manuel Bernardo Aguirre; mientras que los del turno vespertino, tendr\u00e1n que asistir al mismo lugar a las 14:00 horas.<!--more--><\/p>\n<p>Desde dicho punto, las alumnas y alumnos ser\u00e1n transportados a una sede alterna para reiniciar las actividades acad\u00e9micas y se contin\u00faan con las acciones correspondientes para recuperar las instalaciones de la UPNECH, Campus Chihuahua.<\/p>\n<p>Con esta medida se busca cumplir con la obligaci\u00f3n de brindar educaci\u00f3n, en tanto se resuelve el conflicto entre autoridades, ya que esa situaci\u00f3n no tiene nadar que ver con el alumnado, inform\u00f3 la Universidad Pedag\u00f3gica Nacional del Estado de Chihuahua.<\/p>\n","protected":false},"excerpt":{"rendered":"<p>*Estudiantes tendr\u00e1n que acudir a explanada de la Biblioteca Central de la UACH 1 En beneficio directo de las alumnas y alumnos, as\u00ed como continuar con las acciones para brindar una educaci\u00f3n de calidad, la Universidad Pedag\u00f3gica Nacional del Estado de Chihuahua (UPNECH), reiniciar\u00e1 sus clases el pr\u00f3ximo lunes 5 de marzo en una sede [&hellip;]<\/p>\n","protected":false},"author":5,"featured_media":30376,"comment_status":"open","ping_status":"open","sticky":false,"template":"","format":"standard","meta":{"footnotes":""},"categories":[9],"tags":[],"class_list":["post-30375","post","type-post","status-publish","format-standard","has-post-thumbnail","hentry","category-locales"],"views":6,"_links":{"self":[{"href":"https:\/\/notitodo.com.mx\/wp\/wp-json\/wp\/v2\/posts\/30375","targetHints":{"allow":["GET"]}}],"collection":[{"href":"https:\/\/notitodo.com.mx\/wp\/wp-json\/wp\/v2\/posts"}],"about":[{"href":"https:\/\/notitodo.com.mx\/wp\/wp-json\/wp\/v2\/types\/post"}],"author":[{"embeddable":true,"href":"https:\/\/notitodo.com.mx\/wp\/wp-json\/wp\/v2\/users\/5"}],"replies":[{"embeddable":true,"href":"https:\/\/notitodo.com.mx\/wp\/wp-json\/wp\/v2\/comments?post=30375"}],"version-history":[{"count":1,"href":"https:\/\/notitodo.com.mx\/wp\/wp-json\/wp\/v2\/posts\/30375\/revisions"}],"predecessor-version":[{"id":30377,"href":"https:\/\/notitodo.com.mx\/wp\/wp-json\/wp\/v2\/posts\/30375\/revisions\/30377"}],"wp:featuredmedia":[{"embeddable":true,"href":"https:\/\/notitodo.com.mx\/wp\/wp-json\/wp\/v2\/media\/30376"}],"wp:attachment":[{"href":"https:\/\/notitodo.com.mx\/wp\/wp-json\/wp\/v2\/media?parent=30375"}],"wp:term":[{"taxonomy":"category","embeddable":true,"href":"https:\/\/notitodo.com.mx\/wp\/wp-json\/wp\/v2\/categories?post=30375"},{"taxonomy":"post_tag","embeddable":true,"href":"https:\/\/notitodo.com.mx\/wp\/wp-json\/wp\/v2\/tags?post=30375"}],"curies":[{"name":"wp","href":"https:\/\/api.w.org\/{rel}","templated":true}]}}