{"id":30257,"date":"2018-03-03T00:34:16","date_gmt":"2018-03-03T00:34:16","guid":{"rendered":"http:\/\/notitodo.com.mx\/wp\/?p=30257"},"modified":"2018-03-03T00:34:16","modified_gmt":"2018-03-03T00:34:16","slug":"se-esperan-20-mil-personas-en-marcha-por-la-familia","status":"publish","type":"post","link":"https:\/\/notitodo.com.mx\/wp\/se-esperan-20-mil-personas-en-marcha-por-la-familia\/","title":{"rendered":"Se esperan 20 mil personas en marcha por la familia"},"content":{"rendered":"<p>Se pide llevar ropa blanca y c\u00f3moda, as\u00ed como mensajes positivos<\/p>\n<p>El Coordinador de Chihuahua Unido por la Familia, Jos\u00e9 Medrano Carrasco, inform\u00f3 que se espera la asistencia de aproximadamente 20 mil personas a la marcha que se efectuar\u00e1 este domingo 4 de marzo para celebrar el D\u00eda de la Familia.<\/p>\n<p>Dijo que esta cifra se debe a que ahora est\u00e1n participando cerca de 200 asociaciones en la convocatoria, as\u00ed como a que las familias chihuahuenses ya despertamos, as\u00ed como lo reza el lema de esta actividad.<\/p>\n<p>Luis Enrique P\u00e9rez Delgado, coordinador del Frente Nacional de la Familia record\u00f3 que para celebrar el D\u00eda de la Familia, este organismo realizar\u00e1 en todo el pa\u00eds acciones en defensa de la vida humana desde la concepci\u00f3n, la familia y matrimonio natural.<!--more--><\/p>\n<p>Agreg\u00f3 que adem\u00e1s de exigir a nuestros gobernantes implementar pol\u00edticas p\u00fablicas con perspectiva de familia, tambi\u00e9n se solicitar\u00e1 a los candidatos de los diferentes partidos que en su plataforma pol\u00edtica respeten la vida, la familia y el matrimonio natural.<\/p>\n<p>Los asistentes se reunir\u00e1n en la Plaza del \u00c1ngel a las 3:00 P.M. para partir hacia el Parque El Palomar, tomando la avenida Universidad hacia el norte, para dar vuelta a la izquierda por la calle Antonio Deza y Ulloa, hasta llegar a la explanada del Parque del Palomar donde habr\u00e1 un mensaje de los organizadores.<\/p>\n<p>Es importante comentar que durante el trayecto de la marcha se instalar\u00e1n ambulancias para atender cualquier situaci\u00f3n que se presente, as\u00ed como puestos de hidrataci\u00f3n donde se regalar\u00e1n aguas a los asistentes.<\/p>\n<p>Se pide a las familias que vistan con ropa blanca y c\u00f3moda durante el recorrido. Aquellas personas que no puedan caminar por alguna situaci\u00f3n, pueden asistir directamente al Parque el Palomar donde habr\u00e1 ambientaci\u00f3n desde las 3:00 P.M.<\/p>\n<p>De igual forma se solicita que se lleven pancartas, lonas o mantas con mensajes positivos, ya que la manifestaci\u00f3n es a favor de la familia, la vida y el matrimonio natural.<\/p>\n<p>La semana pasada, en conferencia de prensa se dio a conocer la conformaci\u00f3n de la red \u201cChihuahua Unido por la Familia\u201d que aglutina a cerca de 200 asociaciones provida y profamilia.<\/p>\n","protected":false},"excerpt":{"rendered":"<p>Se pide llevar ropa blanca y c\u00f3moda, as\u00ed como mensajes positivos El Coordinador de Chihuahua Unido por la Familia, Jos\u00e9 Medrano Carrasco, inform\u00f3 que se espera la asistencia de aproximadamente 20 mil personas a la marcha que se efectuar\u00e1 este domingo 4 de marzo para celebrar el D\u00eda de la Familia. Dijo que esta cifra [&hellip;]<\/p>\n","protected":false},"author":5,"featured_media":30258,"comment_status":"open","ping_status":"open","sticky":false,"template":"","format":"standard","meta":{"footnotes":""},"categories":[9],"tags":[],"class_list":["post-30257","post","type-post","status-publish","format-standard","has-post-thumbnail","hentry","category-locales"],"views":26,"_links":{"self":[{"href":"https:\/\/notitodo.com.mx\/wp\/wp-json\/wp\/v2\/posts\/30257","targetHints":{"allow":["GET"]}}],"collection":[{"href":"https:\/\/notitodo.com.mx\/wp\/wp-json\/wp\/v2\/posts"}],"about":[{"href":"https:\/\/notitodo.com.mx\/wp\/wp-json\/wp\/v2\/types\/post"}],"author":[{"embeddable":true,"href":"https:\/\/notitodo.com.mx\/wp\/wp-json\/wp\/v2\/users\/5"}],"replies":[{"embeddable":true,"href":"https:\/\/notitodo.com.mx\/wp\/wp-json\/wp\/v2\/comments?post=30257"}],"version-history":[{"count":1,"href":"https:\/\/notitodo.com.mx\/wp\/wp-json\/wp\/v2\/posts\/30257\/revisions"}],"predecessor-version":[{"id":30259,"href":"https:\/\/notitodo.com.mx\/wp\/wp-json\/wp\/v2\/posts\/30257\/revisions\/30259"}],"wp:featuredmedia":[{"embeddable":true,"href":"https:\/\/notitodo.com.mx\/wp\/wp-json\/wp\/v2\/media\/30258"}],"wp:attachment":[{"href":"https:\/\/notitodo.com.mx\/wp\/wp-json\/wp\/v2\/media?parent=30257"}],"wp:term":[{"taxonomy":"category","embeddable":true,"href":"https:\/\/notitodo.com.mx\/wp\/wp-json\/wp\/v2\/categories?post=30257"},{"taxonomy":"post_tag","embeddable":true,"href":"https:\/\/notitodo.com.mx\/wp\/wp-json\/wp\/v2\/tags?post=30257"}],"curies":[{"name":"wp","href":"https:\/\/api.w.org\/{rel}","templated":true}]}}