{"id":30117,"date":"2018-03-01T18:14:35","date_gmt":"2018-03-01T18:14:35","guid":{"rendered":"http:\/\/notitodo.com.mx\/wp\/?p=30117"},"modified":"2018-03-01T18:14:35","modified_gmt":"2018-03-01T18:14:35","slug":"ofertara-educacion-amplio-catalogo-de-becas-para-todos-los-niveles-educativos","status":"publish","type":"post","link":"https:\/\/notitodo.com.mx\/wp\/ofertara-educacion-amplio-catalogo-de-becas-para-todos-los-niveles-educativos\/","title":{"rendered":"Ofertar\u00e1 Educaci\u00f3n amplio cat\u00e1logo de becas para todos los niveles educativos"},"content":{"rendered":"<p>&#8211; En el marco de la Feria de Becas y Universidades que organizan de manera conjunta esta dependencia y el ICHIJUV<\/p>\n<p>Chihuahua y Ciudad Ju\u00e1rez albergar\u00e1n los d\u00edas jueves 1 y viernes 2 de marzo, respectivamente, la Feria de Becas y Universidades 2018 que organiza el Instituto Chihuahuense de la Juventud (ICHIJUV) en colaboraci\u00f3n con la Secretar\u00eda de Educaci\u00f3n y Deporte, evento dirigido a las y a los j\u00f3venes pr\u00f3ximos a egresar de las instituciones tanto de Educaci\u00f3n Media Superior como Superior.<\/p>\n<p>En el marco de este importante evento, la Secretar\u00eda de Educaci\u00f3n y Deporte (SED) estar\u00e1 brindando informaci\u00f3n sobre las becas que maneja para las y los estudiantes de los niveles B\u00e1sico, Medio Superior y Superior.<!--more--><\/p>\n<p>Son en total 22 tipos de apoyo que esta dependencia ofrece a alumnas y alumnos de primaria, secundaria, bachillerato y licenciatura o T\u00e9cnico Superior Universitario (TSU), que se encuentren cursando sus estudios en instituciones p\u00fablicas en el estado de Chihuahua.<\/p>\n<p>La Feria de Becas y Universidades 2018 busca impulsar las oportunidades de las y los j\u00f3venes para su formaci\u00f3n y preparaci\u00f3n a nivel licenciatura y posgrado.<\/p>\n<p>Aunque el evento est\u00e1 dirigido principalmente a quienes cursan el bachillerato o el nivel Superior, para la SED es importante dar a conocer toda la gama de becas con las que cuenta a fin de que la informaci\u00f3n llegue a un mayor n\u00famero de personas y por lo tanto, poder brindar estos beneficios a m\u00e1s chihuahuenses.<\/p>\n<p>Entre la amplia variedad de becas que se encuentran dentro del cat\u00e1logo de la dependencia se encuentran: las Becas Econ\u00f3micas para la Educaci\u00f3n B\u00e1sica, las de Transporte, de Educaci\u00f3n Especial, las Becas de Manutenci\u00f3n \u2013 Apoya tu transporte para la Educaci\u00f3n Superior, la del M\u00e9rito Acad\u00e9mico UTEP, de Movilidad Internacional y Nacional, de Emprendimiento Universitario, la Beca de Innovaci\u00f3n, la de Representaci\u00f3n Estatal, la Beca de Apoyo en Materiales y Equipo T\u00e9cnico, de Inscripci\u00f3n para Educaci\u00f3n Superior, Beca de Servicio Social, de Capacitaci\u00f3n de Programa de Prevenci\u00f3n Universitaria de Bullying; la Iniciativa del Reino Unido en M\u00e9xico, y la Beca de Inclusi\u00f3n Universitaria.<\/p>\n<p>Aunque algunas de las convocatorias de estos apoyos no se encuentran abiertas en este momento, se estar\u00e1 brindando informaci\u00f3n referente a las caracter\u00edsticas y montos de estas becas, as\u00ed como los requisitos y las fechas de recepci\u00f3n de solicitudes.<\/p>\n<p>En la ciudad de Chihuahua, esta feria se llevar\u00e1 a cabo el jueves 1 de marzo en las instalaciones del Sal\u00f3n de Seminarios de la Facultad de Contadur\u00eda y Administraci\u00f3n de la Universidad Aut\u00f3noma de Chihuahua (UACH) ubicado en el Campus II al norte de la ciudad. Mientras que en Ciudad Ju\u00e1rez el Centro Cultural de las Fronteras de la Universidad Aut\u00f3noma de Ciudad Ju\u00e1rez (UACJ) en la Zona Pronaf, ser\u00e1 la sede de esta exposici\u00f3n en la que participar\u00e1n alrededor de 30 instituciones.<\/p>\n<p>El ICHIJUV tiene contemplado que se tenga una afluencia de cerca de 2 mil asistentes durante los dos d\u00edas del evento, mismo que tendr\u00e1 un horario de 9:00 a 14:00 horas en ambas sedes y en donde adem\u00e1s, se impartir\u00e1n pl\u00e1ticas y conferencias de inter\u00e9s para las y los j\u00f3venes.<\/p>\n<p>Cabe destacar que la primera edici\u00f3n de la Feria de Becas y Universidades se llev\u00f3 a cabo el 10 de marzo de 2017 en el Patio Central de Palacio de Gobierno en la capital del estado, y fue gracias a la magn\u00edfica respuesta obtenida que se decidi\u00f3 hacer un evento m\u00e1s en Ciudad Ju\u00e1rez.<\/p>\n","protected":false},"excerpt":{"rendered":"<p>&#8211; En el marco de la Feria de Becas y Universidades que organizan de manera conjunta esta dependencia y el ICHIJUV Chihuahua y Ciudad Ju\u00e1rez albergar\u00e1n los d\u00edas jueves 1 y viernes 2 de marzo, respectivamente, la Feria de Becas y Universidades 2018 que organiza el Instituto Chihuahuense de la Juventud (ICHIJUV) en colaboraci\u00f3n con [&hellip;]<\/p>\n","protected":false},"author":5,"featured_media":30118,"comment_status":"open","ping_status":"open","sticky":false,"template":"","format":"standard","meta":{"footnotes":""},"categories":[15],"tags":[],"class_list":["post-30117","post","type-post","status-publish","format-standard","has-post-thumbnail","hentry","category-educacion"],"views":3,"_links":{"self":[{"href":"https:\/\/notitodo.com.mx\/wp\/wp-json\/wp\/v2\/posts\/30117","targetHints":{"allow":["GET"]}}],"collection":[{"href":"https:\/\/notitodo.com.mx\/wp\/wp-json\/wp\/v2\/posts"}],"about":[{"href":"https:\/\/notitodo.com.mx\/wp\/wp-json\/wp\/v2\/types\/post"}],"author":[{"embeddable":true,"href":"https:\/\/notitodo.com.mx\/wp\/wp-json\/wp\/v2\/users\/5"}],"replies":[{"embeddable":true,"href":"https:\/\/notitodo.com.mx\/wp\/wp-json\/wp\/v2\/comments?post=30117"}],"version-history":[{"count":1,"href":"https:\/\/notitodo.com.mx\/wp\/wp-json\/wp\/v2\/posts\/30117\/revisions"}],"predecessor-version":[{"id":30119,"href":"https:\/\/notitodo.com.mx\/wp\/wp-json\/wp\/v2\/posts\/30117\/revisions\/30119"}],"wp:featuredmedia":[{"embeddable":true,"href":"https:\/\/notitodo.com.mx\/wp\/wp-json\/wp\/v2\/media\/30118"}],"wp:attachment":[{"href":"https:\/\/notitodo.com.mx\/wp\/wp-json\/wp\/v2\/media?parent=30117"}],"wp:term":[{"taxonomy":"category","embeddable":true,"href":"https:\/\/notitodo.com.mx\/wp\/wp-json\/wp\/v2\/categories?post=30117"},{"taxonomy":"post_tag","embeddable":true,"href":"https:\/\/notitodo.com.mx\/wp\/wp-json\/wp\/v2\/tags?post=30117"}],"curies":[{"name":"wp","href":"https:\/\/api.w.org\/{rel}","templated":true}]}}