{"id":29993,"date":"2018-02-28T19:34:52","date_gmt":"2018-02-28T19:34:52","guid":{"rendered":"http:\/\/notitodo.com.mx\/wp\/?p=29993"},"modified":"2018-02-28T19:34:52","modified_gmt":"2018-02-28T19:34:52","slug":"bebeteca-de-la-biblioteca-infantil-abre-sus-puertas-al-publico","status":"publish","type":"post","link":"https:\/\/notitodo.com.mx\/wp\/bebeteca-de-la-biblioteca-infantil-abre-sus-puertas-al-publico\/","title":{"rendered":"Bebeteca, de la Biblioteca Infantil,  abre sus puertas al p\u00fablico"},"content":{"rendered":"<p>&#8211; Nuevo espacio de aprendizaje y estimulaci\u00f3n para el p\u00fablico m\u00e1s peque\u00f1o<\/p>\n<p>&#8211; Inauguraci\u00f3n este jueves 1 de febrero a las 11:00 horas: entrada gratuita<\/p>\n<p>El jueves 1 de marzo, en punto de las 11:00 horas, se realizar\u00e1 la inauguraci\u00f3n del espacio Bebeteca, en la Biblioteca Infantil de Chihuahua, un espacio dedicado al p\u00fablico m\u00e1s peque\u00f1o, que ofrece oportunidad de aprendizaje y estimulaci\u00f3n temprana a lactantes y menores de cinco a\u00f1os.<\/p>\n<p>Familiarizar a los beb\u00e9s con el uso de la biblioteca, es el principal objetivo de esta estrategia, para lo cual ser\u00e1n utilizadas actividades que estimulen los h\u00e1bitos lectores desde temprana edad y reforzando v\u00ednculos afectivos por medio de varios m\u00e9todos, como lectura de cuentos y actividades de animaci\u00f3n.<!--more--><\/p>\n<p>La Bebeteca es un servicio de la Biblioteca Infantil auspiciado por el Programa Alas y Ra\u00edces de la Secretar\u00eda de Cultura y est\u00e1 enfocado espec\u00edficamente a la peque\u00f1a infancia.<\/p>\n<p>All\u00ed se cuenta con las instalaciones adecuadas y un fondo de libros seleccionados para satisfacer las necesidades de esta secci\u00f3n de la poblaci\u00f3n infantil.<\/p>\n<p>En el acto de apertura se contar\u00e1 con la participaci\u00f3n de la cuenta cuentos El\u00ed Loya, as\u00ed como la intervenci\u00f3n musical de las hermanas Kali y Luna Garc\u00eda, interpretando melod\u00edas en clarinete y viol\u00edn.<\/p>\n<p>Es importante se\u00f1alar que las y los menores deber\u00e1n acudir acompa\u00f1ados siempre de su madre o padre, y que las sesiones ser\u00e1n programadas con anticipaci\u00f3n.<\/p>\n<p>La ceremonia inaugural y las actividades de apertura son gratuitas y abiertas a todo p\u00fablico. Mayores informes en el tel\u00e9fono (614) 214 48 00 extensi\u00f3n 149.<\/p>\n","protected":false},"excerpt":{"rendered":"<p>&#8211; Nuevo espacio de aprendizaje y estimulaci\u00f3n para el p\u00fablico m\u00e1s peque\u00f1o &#8211; Inauguraci\u00f3n este jueves 1 de febrero a las 11:00 horas: entrada gratuita El jueves 1 de marzo, en punto de las 11:00 horas, se realizar\u00e1 la inauguraci\u00f3n del espacio Bebeteca, en la Biblioteca Infantil de Chihuahua, un espacio dedicado al p\u00fablico m\u00e1s [&hellip;]<\/p>\n","protected":false},"author":5,"featured_media":29994,"comment_status":"open","ping_status":"open","sticky":false,"template":"","format":"standard","meta":{"footnotes":""},"categories":[9],"tags":[],"class_list":["post-29993","post","type-post","status-publish","format-standard","has-post-thumbnail","hentry","category-locales"],"views":5,"_links":{"self":[{"href":"https:\/\/notitodo.com.mx\/wp\/wp-json\/wp\/v2\/posts\/29993","targetHints":{"allow":["GET"]}}],"collection":[{"href":"https:\/\/notitodo.com.mx\/wp\/wp-json\/wp\/v2\/posts"}],"about":[{"href":"https:\/\/notitodo.com.mx\/wp\/wp-json\/wp\/v2\/types\/post"}],"author":[{"embeddable":true,"href":"https:\/\/notitodo.com.mx\/wp\/wp-json\/wp\/v2\/users\/5"}],"replies":[{"embeddable":true,"href":"https:\/\/notitodo.com.mx\/wp\/wp-json\/wp\/v2\/comments?post=29993"}],"version-history":[{"count":1,"href":"https:\/\/notitodo.com.mx\/wp\/wp-json\/wp\/v2\/posts\/29993\/revisions"}],"predecessor-version":[{"id":29995,"href":"https:\/\/notitodo.com.mx\/wp\/wp-json\/wp\/v2\/posts\/29993\/revisions\/29995"}],"wp:featuredmedia":[{"embeddable":true,"href":"https:\/\/notitodo.com.mx\/wp\/wp-json\/wp\/v2\/media\/29994"}],"wp:attachment":[{"href":"https:\/\/notitodo.com.mx\/wp\/wp-json\/wp\/v2\/media?parent=29993"}],"wp:term":[{"taxonomy":"category","embeddable":true,"href":"https:\/\/notitodo.com.mx\/wp\/wp-json\/wp\/v2\/categories?post=29993"},{"taxonomy":"post_tag","embeddable":true,"href":"https:\/\/notitodo.com.mx\/wp\/wp-json\/wp\/v2\/tags?post=29993"}],"curies":[{"name":"wp","href":"https:\/\/api.w.org\/{rel}","templated":true}]}}