{"id":29796,"date":"2018-02-26T19:48:05","date_gmt":"2018-02-26T19:48:05","guid":{"rendered":"http:\/\/notitodo.com.mx\/wp\/?p=29796"},"modified":"2018-02-26T19:48:05","modified_gmt":"2018-02-26T19:48:05","slug":"mas-de-200-escuelas-primarias-recibiran-curso-sobre-familias-educadoras","status":"publish","type":"post","link":"https:\/\/notitodo.com.mx\/wp\/mas-de-200-escuelas-primarias-recibiran-curso-sobre-familias-educadoras\/","title":{"rendered":"M\u00e1s de 200 escuelas primarias recibir\u00e1n curso sobre \u201cFamilias Educadoras\u201d"},"content":{"rendered":"<p>Con la meta de capacitar a paterfamilias que colaboran en los Consejos Escolares de Participaci\u00f3n Social, los d\u00edas 27 y 28 de febrero se impartir\u00e1 el curso \u201cFamilias Educadoras en Chihuahua\u201d.<\/p>\n<p>El objetivo es atender a m\u00e1s de 200 escuelas del nivel de Primaria en la ciudad de Chihuahua en lo que resta del actual ciclo escolar 2017-2018.<\/p>\n<p>Esta formaci\u00f3n la reciben en primera instancia aquellas personas designadas como Presidentes de los Consejos Escolares de Participaci\u00f3n Social, Presidentes del Comit\u00e9 de Contralor\u00eda Social, as\u00ed como personal directivo de los planteles educativos.<!--more--><\/p>\n<p>Posteriormente dichas figuras, con el apoyo de los y las directoras de escuelas, tendr\u00e1n la responsabilidad de replicar el curso al resto de los padres y madres de familia del plantel educativo al que pertenecen.<\/p>\n<p>En total se tiene contemplado atender a 25 escuelas por cada uno de los 9 sectores en el que se integran a todas las escuelas primarias federalizadas en la cuidad.<\/p>\n<p>Esto significa que las y los capacitadores atender\u00e1n aproximadamente a 5 mil ochocientos padres y madres en la ciudad de Chihuahua.<\/p>\n<p>La capacitaci\u00f3n tiene una duraci\u00f3n de una hora por cada una de las cinco sesiones que la integran, en donde se abordar\u00e1n temas como:<\/p>\n<p>El autoestima y manejo de las emociones; Establecer reglas y l\u00edmites en familia; La Familia, aprendo a resolver los conflictos de manera asertiva; Lectura, escritura y pensamiento matem\u00e1tico desde el hogar y Participaci\u00f3n Social, transparencia y rendici\u00f3n de cuentas, participo por mis hijos e hijas.<\/p>\n<p>La titular de la Unidad de Atenci\u00f3n a Padres de Familia de SEECH, Silvia Nu\u00f1ez Castillo, coment\u00f3 que el equipo de trabajo que coordina, se encuentra preparando los \u00faltimos detalles para arrancar estas actividades, con el objetivo de cumplir la meta establecida por la Secretaria de Educaci\u00f3n P\u00fablica para Servicios Educativos del Estado de Chihuahua en este periodo lectivo.<\/p>\n","protected":false},"excerpt":{"rendered":"<p>Con la meta de capacitar a paterfamilias que colaboran en los Consejos Escolares de Participaci\u00f3n Social, los d\u00edas 27 y 28 de febrero se impartir\u00e1 el curso \u201cFamilias Educadoras en Chihuahua\u201d. El objetivo es atender a m\u00e1s de 200 escuelas del nivel de Primaria en la ciudad de Chihuahua en lo que resta del actual [&hellip;]<\/p>\n","protected":false},"author":5,"featured_media":29797,"comment_status":"open","ping_status":"open","sticky":false,"template":"","format":"standard","meta":{"footnotes":""},"categories":[15],"tags":[],"class_list":["post-29796","post","type-post","status-publish","format-standard","has-post-thumbnail","hentry","category-educacion"],"views":3,"_links":{"self":[{"href":"https:\/\/notitodo.com.mx\/wp\/wp-json\/wp\/v2\/posts\/29796","targetHints":{"allow":["GET"]}}],"collection":[{"href":"https:\/\/notitodo.com.mx\/wp\/wp-json\/wp\/v2\/posts"}],"about":[{"href":"https:\/\/notitodo.com.mx\/wp\/wp-json\/wp\/v2\/types\/post"}],"author":[{"embeddable":true,"href":"https:\/\/notitodo.com.mx\/wp\/wp-json\/wp\/v2\/users\/5"}],"replies":[{"embeddable":true,"href":"https:\/\/notitodo.com.mx\/wp\/wp-json\/wp\/v2\/comments?post=29796"}],"version-history":[{"count":1,"href":"https:\/\/notitodo.com.mx\/wp\/wp-json\/wp\/v2\/posts\/29796\/revisions"}],"predecessor-version":[{"id":29798,"href":"https:\/\/notitodo.com.mx\/wp\/wp-json\/wp\/v2\/posts\/29796\/revisions\/29798"}],"wp:featuredmedia":[{"embeddable":true,"href":"https:\/\/notitodo.com.mx\/wp\/wp-json\/wp\/v2\/media\/29797"}],"wp:attachment":[{"href":"https:\/\/notitodo.com.mx\/wp\/wp-json\/wp\/v2\/media?parent=29796"}],"wp:term":[{"taxonomy":"category","embeddable":true,"href":"https:\/\/notitodo.com.mx\/wp\/wp-json\/wp\/v2\/categories?post=29796"},{"taxonomy":"post_tag","embeddable":true,"href":"https:\/\/notitodo.com.mx\/wp\/wp-json\/wp\/v2\/tags?post=29796"}],"curies":[{"name":"wp","href":"https:\/\/api.w.org\/{rel}","templated":true}]}}