{"id":29028,"date":"2018-02-15T23:50:43","date_gmt":"2018-02-15T23:50:43","guid":{"rendered":"http:\/\/notitodo.com.mx\/wp\/?p=29028"},"modified":"2018-02-15T23:50:43","modified_gmt":"2018-02-15T23:50:43","slug":"amplian-periodo-de-inscripciones-en-preescolar","status":"publish","type":"post","link":"https:\/\/notitodo.com.mx\/wp\/amplian-periodo-de-inscripciones-en-preescolar\/","title":{"rendered":"Ampl\u00edan per\u00edodo de inscripciones en Preescolar"},"content":{"rendered":"<p>&#8211; Padres y madres de familia podr\u00e1n registrar a sus hijos del 16 al 28 de febrero<\/p>\n<p>Con el prop\u00f3sito de impulsar el desarrollo integral de las y los menores chihuahuenses desde temprana edad, se tom\u00f3 la decisi\u00f3n de ampliar del 16 al 28 de febrero el per\u00edodo de inscripciones al nivel Preescolar, correspondiente al ciclo escolar 2018-2019.<\/p>\n<p>La Secretar\u00eda de Educaci\u00f3n y Deporte exhorta a los padres y madres de familia a que acudan a registrar oportunamente a sus hijos, pues ello permitir\u00e1 contar con la informaci\u00f3n necesaria para la planeaci\u00f3n y contrataci\u00f3n de docentes, la ampliaci\u00f3n de los espacios educativos, la adquisici\u00f3n de libros de texto gratuitos y \u00fatiles escolares, adem\u00e1s de conocer las necesidades de equipamiento en las escuelas.<!--more--><\/p>\n<p>La Educaci\u00f3n Preescolar atiende a ni\u00f1os de 3 a 5 a\u00f1os de edad y es obligatoria, adem\u00e1s de que es la etapa de desarrollo m\u00e1s importante del ser humano, ya que de los 0 a los 6 a\u00f1os, es cuando el cerebro presenta una mayor disposici\u00f3n para recibir est\u00edmulos que favorecer\u00e1n su socializaci\u00f3n, creatividad y aprendizaje.<\/p>\n<p>En esta etapa, las ni\u00f1as y ni\u00f1os aprenden a relacionarse con otros, a desarrollar la responsabilidad, la solidaridad y la importancia de respetar las reglas y las normas, adem\u00e1s de una serie de h\u00e1bitos que forjar\u00e1n su car\u00e1cter, todo ello en un ambiente l\u00fadico y grato que le proporcionar\u00e1n confianza y seguridad en s\u00ed mismo.<\/p>\n<p>En la Educaci\u00f3n Preescolar las maestras ofrecen materiales para que el peque\u00f1o comience a motivarse en \u00e1reas como matem\u00e1ticas, lenguaje, vocabulario, arte o ciencias. El hecho de ver, observar y compartir actividades y juegos con otros ni\u00f1os desde una temprana edad, facilita el proceso de aprendizaje y maduraci\u00f3n de los peque\u00f1os.<\/p>\n<p>Cabe se\u00f1alar que el per\u00edodo de inscripciones y preinscripciones inici\u00f3 el d\u00eda 1 de febrero y concluye este jueves 15 de febrero para Primaria y Secundaria, mientras que el cierre en Preescolar ser\u00e1 el mi\u00e9rcoles 28 del presente mes.<\/p>\n<p>De acuerdo con cifras preliminares, a la fecha se tiene un total de 125 mil 426 alumnas y alumnos inscritos y preinscritos en los niveles de Preescolar, Primaria y Secundaria.<\/p>\n<p>Del total de menores inscritos y preinscritos; 30 mil 925 corresponden a Preescolar, 45 mil 245 a Primaria, y 49 mil 256 a Secundaria, en este \u00faltimo, la inscripci\u00f3n definitiva ser\u00e1 determinada por la evaluaci\u00f3n IDANIS (Instrumento de Diagn\u00f3stico para Alumnos de Nuevo Ingreso a Secundaria), que se aplicar\u00e1 en el mes de mayo.<\/p>\n<p>EDUCACI\u00d3N PREESCOLAR<\/p>\n<p>&#8211; Ser\u00e1n inscritos en tercer grado, los ni\u00f1os y ni\u00f1as con cinco a\u00f1os cumplidos al 31 de diciembre de 2018, es decir, nacidos en el a\u00f1o 2013.<\/p>\n<p>&#8211; En segundo grado, se inscribir\u00e1 a las y los menores con cuatro a\u00f1os cumplidos al 31 de diciembre de 2018; esto es, nacidos en el a\u00f1o 2014.<\/p>\n<p>&#8211; Ser\u00e1n inscritos a primer grado, los ni\u00f1os y ni\u00f1as con tres a\u00f1os cumplidos al 31 de diciembre de 2018, es decir, nacidos en el a\u00f1o 2015.<\/p>\n<p>Documentaci\u00f3n requerida:<\/p>\n<p>Los documentos que el padre, la madre o tutor(a) debe presentar a la escuela se enlistan a continuaci\u00f3n:<\/p>\n<p>\u2022 Acta de Nacimiento (original y copia)<\/p>\n<p>\u2022 CURP (copia)<\/p>\n<p>\u2022 Cartilla Nacional de Salud (original y copia)<\/p>\n<p>\u2022 Comprobante de domicilio (original y copia)<\/p>\n<p>\u2022 Identificaci\u00f3n oficial del padre, madre o tutor\u00eda (original y copia)<\/p>\n<p>\u2022 En el caso de las ni\u00f1as y ni\u00f1os con Necesidades Educativas Especiales y\/o Aptitudes Sobresalientes, se debe presentar diagn\u00f3stico (m\u00e9dico, psicol\u00f3gico y\/o educativo) emitido por una instituci\u00f3n oficial<\/p>\n","protected":false},"excerpt":{"rendered":"<p>&#8211; Padres y madres de familia podr\u00e1n registrar a sus hijos del 16 al 28 de febrero Con el prop\u00f3sito de impulsar el desarrollo integral de las y los menores chihuahuenses desde temprana edad, se tom\u00f3 la decisi\u00f3n de ampliar del 16 al 28 de febrero el per\u00edodo de inscripciones al nivel Preescolar, correspondiente al [&hellip;]<\/p>\n","protected":false},"author":5,"featured_media":29029,"comment_status":"open","ping_status":"open","sticky":false,"template":"","format":"standard","meta":{"footnotes":""},"categories":[15],"tags":[],"class_list":["post-29028","post","type-post","status-publish","format-standard","has-post-thumbnail","hentry","category-educacion"],"views":71,"_links":{"self":[{"href":"https:\/\/notitodo.com.mx\/wp\/wp-json\/wp\/v2\/posts\/29028","targetHints":{"allow":["GET"]}}],"collection":[{"href":"https:\/\/notitodo.com.mx\/wp\/wp-json\/wp\/v2\/posts"}],"about":[{"href":"https:\/\/notitodo.com.mx\/wp\/wp-json\/wp\/v2\/types\/post"}],"author":[{"embeddable":true,"href":"https:\/\/notitodo.com.mx\/wp\/wp-json\/wp\/v2\/users\/5"}],"replies":[{"embeddable":true,"href":"https:\/\/notitodo.com.mx\/wp\/wp-json\/wp\/v2\/comments?post=29028"}],"version-history":[{"count":1,"href":"https:\/\/notitodo.com.mx\/wp\/wp-json\/wp\/v2\/posts\/29028\/revisions"}],"predecessor-version":[{"id":29030,"href":"https:\/\/notitodo.com.mx\/wp\/wp-json\/wp\/v2\/posts\/29028\/revisions\/29030"}],"wp:featuredmedia":[{"embeddable":true,"href":"https:\/\/notitodo.com.mx\/wp\/wp-json\/wp\/v2\/media\/29029"}],"wp:attachment":[{"href":"https:\/\/notitodo.com.mx\/wp\/wp-json\/wp\/v2\/media?parent=29028"}],"wp:term":[{"taxonomy":"category","embeddable":true,"href":"https:\/\/notitodo.com.mx\/wp\/wp-json\/wp\/v2\/categories?post=29028"},{"taxonomy":"post_tag","embeddable":true,"href":"https:\/\/notitodo.com.mx\/wp\/wp-json\/wp\/v2\/tags?post=29028"}],"curies":[{"name":"wp","href":"https:\/\/api.w.org\/{rel}","templated":true}]}}