{"id":28280,"date":"2018-02-06T19:44:50","date_gmt":"2018-02-06T19:44:50","guid":{"rendered":"http:\/\/notitodo.com.mx\/wp\/?p=28280"},"modified":"2018-02-06T19:44:50","modified_gmt":"2018-02-06T19:44:50","slug":"efectuan-primer-taller-de-ordenamiento-ecologico","status":"publish","type":"post","link":"https:\/\/notitodo.com.mx\/wp\/efectuan-primer-taller-de-ordenamiento-ecologico\/","title":{"rendered":"Efect\u00faan primer taller de ordenamiento ecol\u00f3gico"},"content":{"rendered":"<p>El objetivo es crear un instrumento vinculante para la autoridad<\/p>\n<p>El pasado viernes se llev\u00f3 a cabo el primer taller de ordenamiento ecol\u00f3gico territorial por parte del Gobierno Municipal, donde se recab\u00f3 informaci\u00f3n para la elaboraci\u00f3n de un diagn\u00f3stico ambiental de la ciudad de Chihuahua a trav\u00e9s de la instalaci\u00f3n de mesas de trabajo divididas en \u00e1reas como conservaci\u00f3n, servicios, desarrollo forestal agr\u00edcola y ganadero, impacto social, entre otras.<\/p>\n<p>La secretaria t\u00e9cnica del Comit\u00e9 y subdirectora de Ecolog\u00eda adscrita a la Direcci\u00f3n de Desarrollo Urbano y Ecolog\u00eda del Municipio (DDUEM), Diana Gonz\u00e1lez L\u00f3pez, inform\u00f3 que el taller fue productivo debido a la participaci\u00f3n de todos los sectores de la sociedad asociados al medio ambiente, tales como cuerpo acad\u00e9mico, organizaciones de la sociedad civil y sector p\u00fablico de los tres niveles de gobierno.<\/p>\n<p>\u201cLa idea es recabar informaci\u00f3n de los participantes, priorizar informaci\u00f3n y generar un documento de diagn\u00f3stico ambiental de la ciudad de Chihuahua\u201d aclar\u00f3 Gonz\u00e1lez L\u00f3pez.<\/p>\n<p>En un taller posterior, se realizar\u00e1 un pron\u00f3stico del ordenamiento ecol\u00f3gico territorial para la ciudad de Chihuahua derivado del diagn\u00f3stico generado en este primer encuentro para el cual la informaci\u00f3n est\u00e1 siendo procesada y validada.<\/p>\n<p>El documento generado que contenga el ordenamiento ecol\u00f3gico territorial, buscar\u00e1 ser decretado para que se convierta en un instrumento vinculante para la autoridad, y as\u00ed poder incidir positivamente en el uso de la tierra.<\/p>\n","protected":false},"excerpt":{"rendered":"<p>El objetivo es crear un instrumento vinculante para la autoridad El pasado viernes se llev\u00f3 a cabo el primer taller de ordenamiento ecol\u00f3gico territorial por parte del Gobierno Municipal, donde se recab\u00f3 informaci\u00f3n para la elaboraci\u00f3n de un diagn\u00f3stico ambiental de la ciudad de Chihuahua a trav\u00e9s de la instalaci\u00f3n de mesas de trabajo divididas [&hellip;]<\/p>\n","protected":false},"author":5,"featured_media":28281,"comment_status":"open","ping_status":"open","sticky":false,"template":"","format":"standard","meta":{"footnotes":""},"categories":[9],"tags":[],"class_list":["post-28280","post","type-post","status-publish","format-standard","has-post-thumbnail","hentry","category-locales"],"views":58,"_links":{"self":[{"href":"https:\/\/notitodo.com.mx\/wp\/wp-json\/wp\/v2\/posts\/28280","targetHints":{"allow":["GET"]}}],"collection":[{"href":"https:\/\/notitodo.com.mx\/wp\/wp-json\/wp\/v2\/posts"}],"about":[{"href":"https:\/\/notitodo.com.mx\/wp\/wp-json\/wp\/v2\/types\/post"}],"author":[{"embeddable":true,"href":"https:\/\/notitodo.com.mx\/wp\/wp-json\/wp\/v2\/users\/5"}],"replies":[{"embeddable":true,"href":"https:\/\/notitodo.com.mx\/wp\/wp-json\/wp\/v2\/comments?post=28280"}],"version-history":[{"count":1,"href":"https:\/\/notitodo.com.mx\/wp\/wp-json\/wp\/v2\/posts\/28280\/revisions"}],"predecessor-version":[{"id":28282,"href":"https:\/\/notitodo.com.mx\/wp\/wp-json\/wp\/v2\/posts\/28280\/revisions\/28282"}],"wp:featuredmedia":[{"embeddable":true,"href":"https:\/\/notitodo.com.mx\/wp\/wp-json\/wp\/v2\/media\/28281"}],"wp:attachment":[{"href":"https:\/\/notitodo.com.mx\/wp\/wp-json\/wp\/v2\/media?parent=28280"}],"wp:term":[{"taxonomy":"category","embeddable":true,"href":"https:\/\/notitodo.com.mx\/wp\/wp-json\/wp\/v2\/categories?post=28280"},{"taxonomy":"post_tag","embeddable":true,"href":"https:\/\/notitodo.com.mx\/wp\/wp-json\/wp\/v2\/tags?post=28280"}],"curies":[{"name":"wp","href":"https:\/\/api.w.org\/{rel}","templated":true}]}}