{"id":27946,"date":"2018-02-02T01:43:31","date_gmt":"2018-02-02T01:43:31","guid":{"rendered":"http:\/\/notitodo.com.mx\/wp\/?p=27946"},"modified":"2018-02-02T01:43:31","modified_gmt":"2018-02-02T01:43:31","slug":"no-nos-han-dado-ninguna-senal-de-que-quieran-rectificar-javier-corral","status":"publish","type":"post","link":"https:\/\/notitodo.com.mx\/wp\/no-nos-han-dado-ninguna-senal-de-que-quieran-rectificar-javier-corral\/","title":{"rendered":"No nos han dado ninguna se\u00f1al de que quieran rectificar: Javier Corral"},"content":{"rendered":"<p>&#8211; La soluci\u00f3n est\u00e1 en ellos, responde Gobernador sobre diferendo con autoridades federales en caso Guti\u00e9rrez y objetivos de la Caravana por la Dignidad<\/p>\n<p>&#8211; La aristocracia hacendaria se ha colocado por encima de la gobernabilidad del pa\u00eds y demuestra d\u00f3nde est\u00e1 el verdadero poder<\/p>\n<p>La soluci\u00f3n est\u00e1 en ellos mismos, se\u00f1al\u00f3 el Gobernador Javier Corral Jurado, al hablar del diferendo con las autoridades federales en el caso Guti\u00e9rrez y los objetivos de la Caravana por la Dignidad que llegar\u00e1 a la Ciudad de M\u00e9xico el pr\u00f3ximo domingo 4 de febrero.<!--more--><\/p>\n<p>\u201cY yo reitero, siempre hemos tenido la disposici\u00f3n de di\u00e1logo. A ver, yo estuve, al primer llamado estuve con ellos, pero no nos han dado ninguna se\u00f1al de que quieran rectificar\u201d, expres\u00f3 el mandatario estatal.<\/p>\n<p>En un encuentro con medios de comunicaci\u00f3n, despu\u00e9s de entregar su Primer Informe de Gobierno ante el Congreso del Estado, dijo que acusa recibo del secretario de Gobernaci\u00f3n, Alfonso Navarrete Prida, quien declar\u00f3 que de lo que se trata es de superar los diferendos por medio del di\u00e1logo.<\/p>\n<p>\u201cEntonces, por supuesto que acuso recibo, pero le digo a Alfonso Navarrete, que la soluci\u00f3n est\u00e1 en ellos. Hemos hablado con tal amplitud que es tan f\u00e1cil como respetar los convenios que tenemos firmados, punto. Y se acaba el problema. Ni lo quer\u00edamos ni lo iniciamos\u201d, explic\u00f3.<\/p>\n<p>Enfatiz\u00f3 que el Gobierno de Chihuahua siempre ha estado abierto al di\u00e1logo y lo ha acreditado desde la primera convocatoria que le fue hecha por el titular de la Secretar\u00eda de Gobernaci\u00f3n (Segob), Alfonso Navarrete Prida.<\/p>\n<p>Record\u00f3 que fue un di\u00e1logo franco y abierto, donde expusieron todos los puntos de vista y exigencias y en la cual, Navarrete Prida le asegur\u00f3 que el Presidente de la Rep\u00fablica estaba dispuesto a transferir los recursos que le corresponden a Chihuahua y a darle el tr\u00e1mite correcto a la extradici\u00f3n de C\u00e9sar Duarte.<\/p>\n<p>Sin embargo \u2013indic\u00f3\u2013, desde hace una semana no se ha tenido una respuesta clara ni avances concretos, sobre ambos temas, que adem\u00e1s la misma ley los obliga a cumplir, desde la Procuradur\u00eda General de la Rep\u00fablica y la Secretar\u00eda de Hacienda y Cr\u00e9dito P\u00fablico.<\/p>\n<p>\u201cEso me confirma que la aristocracia hacendaria se ha colocado por encima de los \u00e1mbitos de la gobernabilidad del pa\u00eds. Entonces la pregunta es \u00bfqui\u00e9n est\u00e1 m\u00e1s arriba de Pe\u00f1a y de Navarrete? La pregunta es \u00bfEst\u00e1 m\u00e1s arriba de Pe\u00f1a y Navarrete, Gonz\u00e1lez Anaya? \u00bfLuis Videgaray? \u00bfQui\u00e9n es el poder en M\u00e9xico con el que hay que hablar para que las cosas se resuelvan?\u201d, cuestion\u00f3.<\/p>\n<p>El Gobernador de Chihuahua, llam\u00f3 al secretario de Gobernaci\u00f3n y al presidente de la Rep\u00fablica, Enrique Pe\u00f1a Nieto, a recapacitar y a levantar el castigo a Chihuahua, en lugar de cuestionar la Caravana por la Dignidad.<\/p>\n<p>\u201cEstamos marchando precisamente porque las instituciones que debieran funcionar con normalidad, no funcionan, es m\u00e1s, funcionan al rev\u00e9s. Nunca quisimos este pleito, no lo iniciamos nosotros. Hemos dicho, una y otra vez, que en cuanto nos resuelvan las dos demandas, les dijimos, la Caravana se regresa desde donde anduviera\u201d, se\u00f1al\u00f3 el titular del Ejecutivo estatal.<\/p>\n<p>Agreg\u00f3 que si es necesario hacer el traslado de Alejandro Guti\u00e9rrez, de un Cereso local a uno federal, se har\u00e1 para demostrar que se ha respetado el debido proceso.<\/p>\n<p>\u201cPero s\u00ed queremos que primero haya una certificaci\u00f3n por parte de organismos internacionales y tambi\u00e9n que la Federaci\u00f3n asuma, lo digo con toda claridad, la vigilancia, el cuidado, del detenido. Ellos ser\u00e1n los responsables, si as\u00ed es, de la integridad de la vida de Alejandro Guti\u00e9rrez Guti\u00e9rrez. Es un personaje clave, muy importante, que ha puesto a mucha gente a temblar, yo creo que ah\u00ed est\u00e1 toda la estrategia clave de esto\u201d, destac\u00f3 Javier Corral.<\/p>\n<p>El Gobernador consider\u00f3 importante que una organizaci\u00f3n de prestigio como Human Rights Watch, aceptara realizar los protocolos contra la tortura y tambi\u00e9n que hubiera observadores internacionales como el Alto Comisionado de las Naciones Unidas, la Comisi\u00f3n Interamericana de Derechos Humanos o Amnist\u00eda Internacional.<\/p>\n<p>\u201cEstamos abiertos, estamos listos, no tenemos nada que ocultar. Estamos seguros de que hemos hecho las cosas con absoluto rigor\u201d, dijo Javier Corral.<\/p>\n","protected":false},"excerpt":{"rendered":"<p>&#8211; La soluci\u00f3n est\u00e1 en ellos, responde Gobernador sobre diferendo con autoridades federales en caso Guti\u00e9rrez y objetivos de la Caravana por la Dignidad &#8211; La aristocracia hacendaria se ha colocado por encima de la gobernabilidad del pa\u00eds y demuestra d\u00f3nde est\u00e1 el verdadero poder La soluci\u00f3n est\u00e1 en ellos mismos, se\u00f1al\u00f3 el Gobernador Javier [&hellip;]<\/p>\n","protected":false},"author":5,"featured_media":27947,"comment_status":"open","ping_status":"open","sticky":false,"template":"","format":"standard","meta":{"footnotes":""},"categories":[9],"tags":[],"class_list":["post-27946","post","type-post","status-publish","format-standard","has-post-thumbnail","hentry","category-locales"],"views":35,"_links":{"self":[{"href":"https:\/\/notitodo.com.mx\/wp\/wp-json\/wp\/v2\/posts\/27946","targetHints":{"allow":["GET"]}}],"collection":[{"href":"https:\/\/notitodo.com.mx\/wp\/wp-json\/wp\/v2\/posts"}],"about":[{"href":"https:\/\/notitodo.com.mx\/wp\/wp-json\/wp\/v2\/types\/post"}],"author":[{"embeddable":true,"href":"https:\/\/notitodo.com.mx\/wp\/wp-json\/wp\/v2\/users\/5"}],"replies":[{"embeddable":true,"href":"https:\/\/notitodo.com.mx\/wp\/wp-json\/wp\/v2\/comments?post=27946"}],"version-history":[{"count":1,"href":"https:\/\/notitodo.com.mx\/wp\/wp-json\/wp\/v2\/posts\/27946\/revisions"}],"predecessor-version":[{"id":27948,"href":"https:\/\/notitodo.com.mx\/wp\/wp-json\/wp\/v2\/posts\/27946\/revisions\/27948"}],"wp:featuredmedia":[{"embeddable":true,"href":"https:\/\/notitodo.com.mx\/wp\/wp-json\/wp\/v2\/media\/27947"}],"wp:attachment":[{"href":"https:\/\/notitodo.com.mx\/wp\/wp-json\/wp\/v2\/media?parent=27946"}],"wp:term":[{"taxonomy":"category","embeddable":true,"href":"https:\/\/notitodo.com.mx\/wp\/wp-json\/wp\/v2\/categories?post=27946"},{"taxonomy":"post_tag","embeddable":true,"href":"https:\/\/notitodo.com.mx\/wp\/wp-json\/wp\/v2\/tags?post=27946"}],"curies":[{"name":"wp","href":"https:\/\/api.w.org\/{rel}","templated":true}]}}