{"id":27925,"date":"2018-02-02T00:57:21","date_gmt":"2018-02-02T00:57:21","guid":{"rendered":"http:\/\/notitodo.com.mx\/wp\/?p=27925"},"modified":"2018-02-02T00:57:21","modified_gmt":"2018-02-02T00:57:21","slug":"inaugura-issste-1er-diplomado-y-ix-curso-de-odontologia","status":"publish","type":"post","link":"https:\/\/notitodo.com.mx\/wp\/inaugura-issste-1er-diplomado-y-ix-curso-de-odontologia\/","title":{"rendered":"Inaugura ISSSTE 1er. Diplomado y IX Curso de Odontolog\u00eda"},"content":{"rendered":"<p>\u2022 La inflamaci\u00f3n de las enc\u00edas y la caries son la causa n\u00famero uno de p\u00e9rdida de piezas dentales: De la Fuente Molina.<br \/>\n\u2022 El Diplomado es avalado por la UNAM y por la Asociaci\u00f3n de Odont\u00f3logos del ISSSTE.<\/p>\n<p>Con el prop\u00f3sito de fortalecer las competencias diagn\u00f3sticas, terap\u00e9uticas y rehabilitadoras de los profesionales de la salud bucal mediante la actualizaci\u00f3n en conocimientos de vanguardia; as\u00ed como de impulsar la investigaci\u00f3n cient\u00edfica en este campo, la Delegaci\u00f3n Regional Zona Sur del ISSSTE realiz\u00f3 el 1er. Diplomado y IX Curso de Calidad y Seguridad: Temas Selectos de Odontolog\u00eda, avalado por la UNAM y por la Asociaci\u00f3n Nacional de Odont\u00f3logos del Instituto (AOISSSTE), con 120 horas de valor curricular.<!--more--><\/p>\n<p>En 2017, de los 13 millones de derechohabientes del Instituto, el 31 por ciento son hombres mayores de 40 a\u00f1os de edad que padec\u00edan alg\u00fan tipo de caries, de acuerdo con datos de la Secretar\u00eda de Salud.<\/p>\n<p>En el marco de la campa\u00f1a \u201cFebrero, mes de la salud del hombre 2018\u201d, la coordinadora titular del diplomado, Teresa de Jes\u00fas de la Fuente Molina, expres\u00f3 que \u201cla salud bucal es muy importante para preservar el estado de salud general de la poblaci\u00f3n; los principales problemas dentales como la parodontitis (inflamaci\u00f3n de las enc\u00edas) y la caries, son la causa n\u00famero uno de p\u00e9rdida de piezas dentales de manera prematura; a su vez la extracci\u00f3n de piezas provoca la movilidad inadecuada de toda la dentadura, por lo que el tercer gran problema dental es la falta de rehabilitaci\u00f3n\u201d.<\/p>\n<p>En la inauguraci\u00f3n del encuentro, realizado en la Sala Internacional Julio Cort\u00e1zar del SNTISSSTE, el Secretario General del ISSSTE, Juan Manuel Verdugo Rosas, reconoci\u00f3 la labor de los dentistas de la instituci\u00f3n. \u201cLos odont\u00f3logos colaboran todos los d\u00edas con un Gobierno que se esfuerza por ofrecer a los mexicanos la mejor atenci\u00f3n integral en salud\u201d, apunt\u00f3 el funcionario.<\/p>\n<p>Por su parte, Luis Miguel Victoria Ranfla, Presidente del Comit\u00e9 Ejecutivo Nacional del SNTISSSTE, declar\u00f3 que el Sindicato promueve la actualizaci\u00f3n continua de todos los trabajadores, particularmente del equipo de salud, donde el odont\u00f3logo es una pieza muy importante para prevenir y mantener la salud de los derechohabientes.<\/p>\n<p>Destac\u00f3 que este 1er. Diplomado \u201ccontribuir\u00e1 a formar odont\u00f3logos especialistas para desarrollar l\u00edneas de estudio e investigaci\u00f3n que promuevan la generaci\u00f3n y transferencia de conocimientos en la odontolog\u00eda preventiva, rehabilitadora y est\u00e9tica al m\u00e1s alto nivel y brindar una mejor atenci\u00f3n a los derechohabientes, con calidad y calidez\u201d.<\/p>\n<p>De la Fuente Molina inform\u00f3 que el el ISSSTE \u201cha fortalecido los servicios de Ense\u00f1anza e Investigaci\u00f3n en todas las unidades m\u00e9dicas, contratando a profesionales altamente calificados con maestr\u00edas, doctorados, algunos son miembros del Sistema Nacional de Investigadores y esperamos que en el mediano y largo plazos su productividad se refleje en la difusi\u00f3n de trabajos del Instituto en publicaciones cient\u00edficas nacionales e internacionales, de prestigio\u201d.<\/p>\n<p>La odontolog\u00eda en pr\u00f3tesis bucal, de la Cl\u00ednica de Especialidades Churubusco, explic\u00f3 que este Diplomado, que tuvo lugar del 24 al 26 de enero, surge de la transformaci\u00f3n de un curso altamente prestigiado que se ha realizado durante nueve a\u00f1os, con una alta concurrencia.<\/p>\n<p>El programa acad\u00e9mico incluy\u00f3 12 m\u00f3dulos con temas de actualidad entre ellos promoci\u00f3n de la investigaci\u00f3n odontol\u00f3gica, seguridad del paciente, aspectos m\u00e9dico legales de la pr\u00e1ctica odontol\u00f3gica, traumatismo dental, cl\u00ednica del dolor, la nueva era de la endodoncia y la ortodoncia, odontopediatr\u00eda, la era de los implantes y mejora de la calidad en los centros de servicio dental.<\/p>\n","protected":false},"excerpt":{"rendered":"<p>\u2022 La inflamaci\u00f3n de las enc\u00edas y la caries son la causa n\u00famero uno de p\u00e9rdida de piezas dentales: De la Fuente Molina. \u2022 El Diplomado es avalado por la UNAM y por la Asociaci\u00f3n de Odont\u00f3logos del ISSSTE. Con el prop\u00f3sito de fortalecer las competencias diagn\u00f3sticas, terap\u00e9uticas y rehabilitadoras de los profesionales de la [&hellip;]<\/p>\n","protected":false},"author":5,"featured_media":27926,"comment_status":"open","ping_status":"open","sticky":false,"template":"","format":"standard","meta":{"footnotes":""},"categories":[9],"tags":[],"class_list":["post-27925","post","type-post","status-publish","format-standard","has-post-thumbnail","hentry","category-locales"],"views":45,"_links":{"self":[{"href":"https:\/\/notitodo.com.mx\/wp\/wp-json\/wp\/v2\/posts\/27925","targetHints":{"allow":["GET"]}}],"collection":[{"href":"https:\/\/notitodo.com.mx\/wp\/wp-json\/wp\/v2\/posts"}],"about":[{"href":"https:\/\/notitodo.com.mx\/wp\/wp-json\/wp\/v2\/types\/post"}],"author":[{"embeddable":true,"href":"https:\/\/notitodo.com.mx\/wp\/wp-json\/wp\/v2\/users\/5"}],"replies":[{"embeddable":true,"href":"https:\/\/notitodo.com.mx\/wp\/wp-json\/wp\/v2\/comments?post=27925"}],"version-history":[{"count":1,"href":"https:\/\/notitodo.com.mx\/wp\/wp-json\/wp\/v2\/posts\/27925\/revisions"}],"predecessor-version":[{"id":27927,"href":"https:\/\/notitodo.com.mx\/wp\/wp-json\/wp\/v2\/posts\/27925\/revisions\/27927"}],"wp:featuredmedia":[{"embeddable":true,"href":"https:\/\/notitodo.com.mx\/wp\/wp-json\/wp\/v2\/media\/27926"}],"wp:attachment":[{"href":"https:\/\/notitodo.com.mx\/wp\/wp-json\/wp\/v2\/media?parent=27925"}],"wp:term":[{"taxonomy":"category","embeddable":true,"href":"https:\/\/notitodo.com.mx\/wp\/wp-json\/wp\/v2\/categories?post=27925"},{"taxonomy":"post_tag","embeddable":true,"href":"https:\/\/notitodo.com.mx\/wp\/wp-json\/wp\/v2\/tags?post=27925"}],"curies":[{"name":"wp","href":"https:\/\/api.w.org\/{rel}","templated":true}]}}