{"id":27653,"date":"2018-01-30T16:44:32","date_gmt":"2018-01-30T16:44:32","guid":{"rendered":"http:\/\/notitodo.com.mx\/wp\/?p=27653"},"modified":"2018-01-30T16:44:32","modified_gmt":"2018-01-30T16:44:32","slug":"participa-sedue-en-reunion-del-sistema-nacional-de-cambio-climatico","status":"publish","type":"post","link":"https:\/\/notitodo.com.mx\/wp\/participa-sedue-en-reunion-del-sistema-nacional-de-cambio-climatico\/","title":{"rendered":"PARTICIPA SEDUE EN REUNI\u00d3N DEL SISTEMA NACIONAL DE CAMBIO CLIM\u00c1TICO"},"content":{"rendered":"<p>** Se aprobaron las l\u00edneas de acci\u00f3n para formular e instrumentar las pol\u00edticas nacionales para la mitigaci\u00f3n y adaptaci\u00f3n al cambio clim\u00e1tico<br \/>\n** Cada entidad inform\u00f3 sobre las acciones que lleva a cabo en esta materia<\/p>\n<p>Cecilia Olague Caballero, secretaria de Desarrollo Urbano y Ecolog\u00eda, particip\u00f3 en la Primera Sesi\u00f3n Ordinaria 2018 de la Comisi\u00f3n Intersecretarial de Cambio Clim\u00e1tico (CICC), en donde se aprobaron las l\u00edneas de acci\u00f3n encaminadas a formular e instrumentar las pol\u00edticas nacionales, para la mitigaci\u00f3n y la adaptaci\u00f3n al cambio clim\u00e1tico, como parte del programa anual de trabajo 2018.<\/p>\n<p>En dicha reuni\u00f3n, participaron autoridades federales, representantes de los gobiernos estatales y del Poder Legislativo, para informar sobre las acciones que cada entidad lleva a cabo en materia de mitigaci\u00f3n y adaptaci\u00f3n al cambio clim\u00e1tico.<\/p>\n<p>La Comisi\u00f3n Intersecretarial de Cambio Clim\u00e1tico (CICC), integrada por 14 secretar\u00edas de Estado, present\u00f3 su informe anual 2017, en el que se destac\u00f3 la participaci\u00f3n de M\u00e9xico en la 23 Conferencia de las Partes (COP23), en Bonn, Alemania, donde se ratificaron las metas y ambiciones del Acuerdo de Par\u00eds y se avanz\u00f3 en la elaboraci\u00f3n de las directrices para aplicarlo.<\/p>\n<p>Adem\u00e1s indic\u00f3 la titular de SEDUE, que se contempla adoptar e incluir los mandatos y compromisos establecidos en la Ley General de Cambio Clim\u00e1tico, la Estrategia Nacional de Cambio Clim\u00e1tico, la Estrategia de Medio Siglo, el Acuerdo de Par\u00eds, la Agenda 2030 y los dem\u00e1s instrumentos que deriven de los programas sectoriales, especiales y pol\u00edticas p\u00fablicas que cada dependencia de la CICC desarrollar\u00e1 e impulsar\u00e1 en un futuro cercano.<\/p>\n","protected":false},"excerpt":{"rendered":"<p>** Se aprobaron las l\u00edneas de acci\u00f3n para formular e instrumentar las pol\u00edticas nacionales para la mitigaci\u00f3n y adaptaci\u00f3n al cambio clim\u00e1tico ** Cada entidad inform\u00f3 sobre las acciones que lleva a cabo en esta materia Cecilia Olague Caballero, secretaria de Desarrollo Urbano y Ecolog\u00eda, particip\u00f3 en la Primera Sesi\u00f3n Ordinaria 2018 de la Comisi\u00f3n [&hellip;]<\/p>\n","protected":false},"author":5,"featured_media":27654,"comment_status":"open","ping_status":"open","sticky":false,"template":"","format":"standard","meta":{"footnotes":""},"categories":[6],"tags":[],"class_list":["post-27653","post","type-post","status-publish","format-standard","has-post-thumbnail","hentry","category-nacionales"],"views":12,"_links":{"self":[{"href":"https:\/\/notitodo.com.mx\/wp\/wp-json\/wp\/v2\/posts\/27653","targetHints":{"allow":["GET"]}}],"collection":[{"href":"https:\/\/notitodo.com.mx\/wp\/wp-json\/wp\/v2\/posts"}],"about":[{"href":"https:\/\/notitodo.com.mx\/wp\/wp-json\/wp\/v2\/types\/post"}],"author":[{"embeddable":true,"href":"https:\/\/notitodo.com.mx\/wp\/wp-json\/wp\/v2\/users\/5"}],"replies":[{"embeddable":true,"href":"https:\/\/notitodo.com.mx\/wp\/wp-json\/wp\/v2\/comments?post=27653"}],"version-history":[{"count":1,"href":"https:\/\/notitodo.com.mx\/wp\/wp-json\/wp\/v2\/posts\/27653\/revisions"}],"predecessor-version":[{"id":27655,"href":"https:\/\/notitodo.com.mx\/wp\/wp-json\/wp\/v2\/posts\/27653\/revisions\/27655"}],"wp:featuredmedia":[{"embeddable":true,"href":"https:\/\/notitodo.com.mx\/wp\/wp-json\/wp\/v2\/media\/27654"}],"wp:attachment":[{"href":"https:\/\/notitodo.com.mx\/wp\/wp-json\/wp\/v2\/media?parent=27653"}],"wp:term":[{"taxonomy":"category","embeddable":true,"href":"https:\/\/notitodo.com.mx\/wp\/wp-json\/wp\/v2\/categories?post=27653"},{"taxonomy":"post_tag","embeddable":true,"href":"https:\/\/notitodo.com.mx\/wp\/wp-json\/wp\/v2\/tags?post=27653"}],"curies":[{"name":"wp","href":"https:\/\/api.w.org\/{rel}","templated":true}]}}