{"id":27440,"date":"2018-01-27T05:31:37","date_gmt":"2018-01-27T05:31:37","guid":{"rendered":"http:\/\/notitodo.com.mx\/wp\/?p=27440"},"modified":"2018-01-27T05:31:37","modified_gmt":"2018-01-27T05:31:37","slug":"piden-agilizar-exhorto-al-poder-ejecutivo-federal-por-modificaciones-a-las-actas-de-nacimiento","status":"publish","type":"post","link":"https:\/\/notitodo.com.mx\/wp\/piden-agilizar-exhorto-al-poder-ejecutivo-federal-por-modificaciones-a-las-actas-de-nacimiento\/","title":{"rendered":"Piden agilizar exhorto al Poder Ejecutivo Federal por modificaciones a las actas de nacimiento"},"content":{"rendered":"<p>Legisladores locales instruyeron a la Comisi\u00f3n de Justicia del Congreso del Estado, dictamine de manera urgente la iniciativa presentada por el diputado Miguel La Torre, en la que se busca exhortar al Poder Ejecutivo Federal a que reconsidere las modificaciones realizadas al formato \u00fanico de actas de nacimiento.<br \/>\nFue el diputado Israel Fierro, quien expuso a los integrantes de las Diputaci\u00f3n Permanente la petici\u00f3n para que se agilice el tr\u00e1mite se\u00f1alado, y a la vez mencion\u00f3 que el formato \u00fanico de las actas de nacimiento en referencia, involucra no solo intereses de la poblaci\u00f3n del Estado de Chihuahua, sino de toda la Rep\u00fablica Mexicana.<!--more--><br \/>\nAgreg\u00f3 que el pasado 19 de enero del presente a\u00f1o el diputado Miguel Francisco La Torre S\u00e1enz present\u00f3 una iniciativa que involucraba el tema referido, y que el 02 de marzo del a\u00f1o 2017 se aprob\u00f3 un exhorto dirigido a la Direcci\u00f3n de Registro Civil, con la finalidad de que no omitieran los vocablos: padre, madre y abuelos del registrado, ello por atentar contra la identidad del individuo.<br \/>\nPara finalizar su participaci\u00f3n, Fierro Terrazas indic\u00f3 que tambi\u00e9n se pretende que el llamado se haga tambi\u00e9n a los diferentes congresos locales de las Entidades Federativas del Pa\u00eds, para su conocimiento y en su caso, adhesi\u00f3n a la misma.<\/p>\n","protected":false},"excerpt":{"rendered":"<p>Legisladores locales instruyeron a la Comisi\u00f3n de Justicia del Congreso del Estado, dictamine de manera urgente la iniciativa presentada por el diputado Miguel La Torre, en la que se busca exhortar al Poder Ejecutivo Federal a que reconsidere las modificaciones realizadas al formato \u00fanico de actas de nacimiento. Fue el diputado Israel Fierro, quien expuso [&hellip;]<\/p>\n","protected":false},"author":5,"featured_media":27441,"comment_status":"open","ping_status":"open","sticky":false,"template":"","format":"standard","meta":{"footnotes":""},"categories":[9],"tags":[],"class_list":["post-27440","post","type-post","status-publish","format-standard","has-post-thumbnail","hentry","category-locales"],"views":24,"_links":{"self":[{"href":"https:\/\/notitodo.com.mx\/wp\/wp-json\/wp\/v2\/posts\/27440","targetHints":{"allow":["GET"]}}],"collection":[{"href":"https:\/\/notitodo.com.mx\/wp\/wp-json\/wp\/v2\/posts"}],"about":[{"href":"https:\/\/notitodo.com.mx\/wp\/wp-json\/wp\/v2\/types\/post"}],"author":[{"embeddable":true,"href":"https:\/\/notitodo.com.mx\/wp\/wp-json\/wp\/v2\/users\/5"}],"replies":[{"embeddable":true,"href":"https:\/\/notitodo.com.mx\/wp\/wp-json\/wp\/v2\/comments?post=27440"}],"version-history":[{"count":1,"href":"https:\/\/notitodo.com.mx\/wp\/wp-json\/wp\/v2\/posts\/27440\/revisions"}],"predecessor-version":[{"id":27442,"href":"https:\/\/notitodo.com.mx\/wp\/wp-json\/wp\/v2\/posts\/27440\/revisions\/27442"}],"wp:featuredmedia":[{"embeddable":true,"href":"https:\/\/notitodo.com.mx\/wp\/wp-json\/wp\/v2\/media\/27441"}],"wp:attachment":[{"href":"https:\/\/notitodo.com.mx\/wp\/wp-json\/wp\/v2\/media?parent=27440"}],"wp:term":[{"taxonomy":"category","embeddable":true,"href":"https:\/\/notitodo.com.mx\/wp\/wp-json\/wp\/v2\/categories?post=27440"},{"taxonomy":"post_tag","embeddable":true,"href":"https:\/\/notitodo.com.mx\/wp\/wp-json\/wp\/v2\/tags?post=27440"}],"curies":[{"name":"wp","href":"https:\/\/api.w.org\/{rel}","templated":true}]}}