{"id":27301,"date":"2018-01-26T04:28:20","date_gmt":"2018-01-26T04:28:20","guid":{"rendered":"http:\/\/notitodo.com.mx\/wp\/?p=27301"},"modified":"2018-01-26T04:28:20","modified_gmt":"2018-01-26T04:28:20","slug":"atiende-estado-a-productores-de-frijol-y-retiran-bloqueo-de-calles","status":"publish","type":"post","link":"https:\/\/notitodo.com.mx\/wp\/atiende-estado-a-productores-de-frijol-y-retiran-bloqueo-de-calles\/","title":{"rendered":"Atiende Estado a productores de frijol y retiran bloqueo de calles"},"content":{"rendered":"<p>&#8211;Dialogar\u00e1n con funcionarios estatales y federales en Namiquipa la pr\u00f3xima semana para analizar precio de su producto<\/p>\n<p>Productores de frijol de Namiquipa, Cusihuiriachi y otros municipios quitaron el bloqueo que mantuvieron afuera de Palacio de Gobierno, despu\u00e9s de acordar con la Direcci\u00f3n General de Gobierno y la Secretar\u00eda de Desarrollo Rural, establecer una mesa de di\u00e1logo y an\u00e1lisis la pr\u00f3xima semana para buscar mejores condiciones de venta de su producto.<\/p>\n<p>En reuni\u00f3n con el director general de Gobierno, Joel Gallegos Legarreta y el director de Planeaci\u00f3n de Desarrollo Rural, Francisco Medina, los agricultores expusieron la problem\u00e1tica que representa el bajo precios de compra, de 14 pesos por kilo, que ofrecen los acopiadores y que no alcanza siquiera para cubrir los gastos de producci\u00f3n; en tanto que, empaquetado, en el mercado alcanza un valor hasta de 25 pesos.<!--more--><\/p>\n<p>El productor Jos\u00e9 Ruiz dijo que en el municipio de Namiquipa hay cuatro acopiadores, uno en Soto M\u00e1ynez otro en El Terrero, otro en Benito Ju\u00e1rez y otro m\u00e1s en El Molino y que como medida de presi\u00f3n para ser atendidos bloquearon la calle Aldama y derramaron varios sacos de frijol en el Patio de Palacio de Gobierno, con la consigna de no retirarse hasta ser atendidos sus reclamos.<\/p>\n<p>Gallegos Legarreta manifest\u00f3 la disposici\u00f3n del Gobierno del Estado para atender y dialogar con estos productores, conocer sus inquietudes y respaldar lo que est\u00e9 en el \u00e1mbito del Estado y si no, canalizar sus reclamos a las esferas correspondientes para encontrar una soluci\u00f3n a esta problem\u00e1tica.<\/p>\n<p>En la reuni\u00f3n estuvieron presentes los presidentes municipales de Namiquipa, Ram\u00f3n Alonso Enr\u00edquez Mendoza y de Cusihuiriachi, Alfonso Alberto P\u00e9rez Dom\u00ednguez, quienes explicaron que la situaci\u00f3n de los productores de frijol es grave.<\/p>\n<p>Francisco Medina, dio a conocer algunos acuerdos logrados por el secretario de Desarrollo Rural, Rub\u00e9n Ch\u00e1vez, con Aserca en la ciudad de M\u00e9xico, en base a un compromiso anterior adquirido con los productores de frijol que hoy se manifestaron, entre ellos:<\/p>\n<p>Que el periodo de acopio que venc\u00eda el 15 de febrero se ampl\u00eda al 15 de marzo; detener los cupos de importaci\u00f3n de frijol de otros pa\u00edses y no introducir ese grano en los estados de Zacatecas, Durango y Chihuahua. El director de Diconsa ratific\u00f3 que est\u00e1 por terminarse el frijol que ellos compran caro y para febrero sacar\u00edan frijol que se compra en el norte del pa\u00eds.<\/p>\n<p>Entre los esfuerzos del Departamento de Comercializaci\u00f3n, como primera medida del 14 al 18 de febrero, se habilitar\u00e1n las dos principales plazas p\u00fablicas de la ciudad de Chihuahua para que los propios productores puedan vender su frijol.<\/p>\n<p>Finalmente, se lleg\u00f3 a la conclusi\u00f3n de que la pr\u00f3xima semana se re\u00fanan los productores y los alcaldes de Namiquipa, Cusihuiriachi, G\u00f3mez Far\u00edas, Riva Palacio, Gran Morelos y General Tr\u00edas con representantes de las diversas instancias estatales y federales: Sagarpa y Aserca.<\/p>\n","protected":false},"excerpt":{"rendered":"<p>&#8211;Dialogar\u00e1n con funcionarios estatales y federales en Namiquipa la pr\u00f3xima semana para analizar precio de su producto Productores de frijol de Namiquipa, Cusihuiriachi y otros municipios quitaron el bloqueo que mantuvieron afuera de Palacio de Gobierno, despu\u00e9s de acordar con la Direcci\u00f3n General de Gobierno y la Secretar\u00eda de Desarrollo Rural, establecer una mesa de [&hellip;]<\/p>\n","protected":false},"author":5,"featured_media":27302,"comment_status":"open","ping_status":"open","sticky":false,"template":"","format":"standard","meta":{"footnotes":""},"categories":[9],"tags":[],"class_list":["post-27301","post","type-post","status-publish","format-standard","has-post-thumbnail","hentry","category-locales"],"views":37,"_links":{"self":[{"href":"https:\/\/notitodo.com.mx\/wp\/wp-json\/wp\/v2\/posts\/27301","targetHints":{"allow":["GET"]}}],"collection":[{"href":"https:\/\/notitodo.com.mx\/wp\/wp-json\/wp\/v2\/posts"}],"about":[{"href":"https:\/\/notitodo.com.mx\/wp\/wp-json\/wp\/v2\/types\/post"}],"author":[{"embeddable":true,"href":"https:\/\/notitodo.com.mx\/wp\/wp-json\/wp\/v2\/users\/5"}],"replies":[{"embeddable":true,"href":"https:\/\/notitodo.com.mx\/wp\/wp-json\/wp\/v2\/comments?post=27301"}],"version-history":[{"count":1,"href":"https:\/\/notitodo.com.mx\/wp\/wp-json\/wp\/v2\/posts\/27301\/revisions"}],"predecessor-version":[{"id":27303,"href":"https:\/\/notitodo.com.mx\/wp\/wp-json\/wp\/v2\/posts\/27301\/revisions\/27303"}],"wp:featuredmedia":[{"embeddable":true,"href":"https:\/\/notitodo.com.mx\/wp\/wp-json\/wp\/v2\/media\/27302"}],"wp:attachment":[{"href":"https:\/\/notitodo.com.mx\/wp\/wp-json\/wp\/v2\/media?parent=27301"}],"wp:term":[{"taxonomy":"category","embeddable":true,"href":"https:\/\/notitodo.com.mx\/wp\/wp-json\/wp\/v2\/categories?post=27301"},{"taxonomy":"post_tag","embeddable":true,"href":"https:\/\/notitodo.com.mx\/wp\/wp-json\/wp\/v2\/tags?post=27301"}],"curies":[{"name":"wp","href":"https:\/\/api.w.org\/{rel}","templated":true}]}}