{"id":27136,"date":"2018-01-25T01:25:46","date_gmt":"2018-01-25T01:25:46","guid":{"rendered":"http:\/\/notitodo.com.mx\/wp\/?p=27136"},"modified":"2018-01-25T01:25:46","modified_gmt":"2018-01-25T01:25:46","slug":"invita-redich-al-ii-foro-regional-noroeste-formacion-academica","status":"publish","type":"post","link":"https:\/\/notitodo.com.mx\/wp\/invita-redich-al-ii-foro-regional-noroeste-formacion-academica\/","title":{"rendered":"Invita REDICH al II Foro Regional Noroeste: Formaci\u00f3n acad\u00e9mica"},"content":{"rendered":"<p>\u00b7 Se realizar\u00e1 el 19 de febrero en el ITESM Campus Chihuahua<\/p>\n<p>\u00b7 Tem\u00e1ticas in\u00e9ditas que permitir\u00e1n la construcci\u00f3n de una agenda regional de mejora de la investigaci\u00f3n educativa.<\/p>\n<p>La Red de Investigadores Educativos Chihuahua (REDIECH) invita al II Foro Regional Noroeste: Formaci\u00f3n de Investigadores, evento que se realizar\u00e1 el 19 de febrero del presente a\u00f1o, con la intencionalidad de dar continuidad a la primera emisi\u00f3n del foro y hacer planteamientos claros a trav\u00e9s del di\u00e1logo que permitan la mejora individual, grupal e institucional en la formaci\u00f3n para la investigaci\u00f3n.<!--more--><\/p>\n<p>REDIECH es una Asociaci\u00f3n Civil que tiene como parte de sus metas, el planteamiento la promoci\u00f3n y la mejora de la investigaci\u00f3n educativa en nuestra entidad y en la regi\u00f3n norte de M\u00e9xico.<\/p>\n<p>Desde el a\u00f1o 2010, fecha de su fundaci\u00f3n, ha consolidado una serie de actividades acad\u00e9micas, entre las que destacan: la realizaci\u00f3n bianual de Congresos de Investigaci\u00f3n Educativa, la edici\u00f3n de una revista indexada, la emisi\u00f3n de un programa de radio para divulgar el conocimiento cient\u00edfico y, desde el a\u00f1o pasado, la realizaci\u00f3n de un foro regional para la formaci\u00f3n de investigadores educativos.<\/p>\n<p>El Consejo Mexicano de Investigaci\u00f3n Educativa (COMIE) es la principal asociaci\u00f3n que aglutina a los y investigadoras educativas del pa\u00eds. Representa la experiencia y la expertiz en lo que se refiere a la formaci\u00f3n para la investigaci\u00f3n educativa. Ambas instituciones de manera coordinada organizan el II Foro Regional Noroeste: Formaci\u00f3n de Investigadores.<\/p>\n<p>Durante el II Foro Regional Noroeste: Formaci\u00f3n de Investigadores, se abrir\u00e1n nuevos espacios con tem\u00e1ticas in\u00e9ditas que permitan la construcci\u00f3n de una agenda regional de mejora de la investigaci\u00f3n educativa.<\/p>\n<p>Asimismo, se pretende generar procesos reflexivos con los agentes de la investigaci\u00f3n del noroeste de M\u00e9xico que permitan la construcci\u00f3n de rutas personales, grupales e institucionales, para la mejora de los procesos inherentes a la producci\u00f3n cient\u00edfica en el campo de la educaci\u00f3n El comit\u00e9 organizador ha extendido la invitaci\u00f3n a investigadores de los estados de Sonora, Baja California, Baja California Sur y Chihuahua.<\/p>\n<p>Por la trascendencia de este foro, miembros del REDIECH extienden la invitaci\u00f3n a investigadores educativos, investigadores en formaci\u00f3n, agentes dedicados a la investigaci\u00f3n educativa, administradores educativos y p\u00fablico en general.<\/p>\n<p>El II Foro Regional Noroeste se realizar\u00e1 el d\u00eda 19 de febrero en las instalaciones del Instituto Tecnol\u00f3gico de Monterrey, Campus Chihuahua (Avenida Heroico Colegio Militar 4700, Nombre de Dios, 31300 Chihuahua, Chih.), en un horario de 8:00 a 15:00 horas. El costo de recuperaci\u00f3n es de 500 pesos, para mayor informaci\u00f3n y compra de carnet en el correo electr\u00f3nico foro.regional@rediech.org<\/p>\n","protected":false},"excerpt":{"rendered":"<p>\u00b7 Se realizar\u00e1 el 19 de febrero en el ITESM Campus Chihuahua \u00b7 Tem\u00e1ticas in\u00e9ditas que permitir\u00e1n la construcci\u00f3n de una agenda regional de mejora de la investigaci\u00f3n educativa. La Red de Investigadores Educativos Chihuahua (REDIECH) invita al II Foro Regional Noroeste: Formaci\u00f3n de Investigadores, evento que se realizar\u00e1 el 19 de febrero del presente [&hellip;]<\/p>\n","protected":false},"author":5,"featured_media":27137,"comment_status":"open","ping_status":"open","sticky":false,"template":"","format":"standard","meta":{"footnotes":""},"categories":[9],"tags":[],"class_list":["post-27136","post","type-post","status-publish","format-standard","has-post-thumbnail","hentry","category-locales"],"views":6,"_links":{"self":[{"href":"https:\/\/notitodo.com.mx\/wp\/wp-json\/wp\/v2\/posts\/27136","targetHints":{"allow":["GET"]}}],"collection":[{"href":"https:\/\/notitodo.com.mx\/wp\/wp-json\/wp\/v2\/posts"}],"about":[{"href":"https:\/\/notitodo.com.mx\/wp\/wp-json\/wp\/v2\/types\/post"}],"author":[{"embeddable":true,"href":"https:\/\/notitodo.com.mx\/wp\/wp-json\/wp\/v2\/users\/5"}],"replies":[{"embeddable":true,"href":"https:\/\/notitodo.com.mx\/wp\/wp-json\/wp\/v2\/comments?post=27136"}],"version-history":[{"count":1,"href":"https:\/\/notitodo.com.mx\/wp\/wp-json\/wp\/v2\/posts\/27136\/revisions"}],"predecessor-version":[{"id":27138,"href":"https:\/\/notitodo.com.mx\/wp\/wp-json\/wp\/v2\/posts\/27136\/revisions\/27138"}],"wp:featuredmedia":[{"embeddable":true,"href":"https:\/\/notitodo.com.mx\/wp\/wp-json\/wp\/v2\/media\/27137"}],"wp:attachment":[{"href":"https:\/\/notitodo.com.mx\/wp\/wp-json\/wp\/v2\/media?parent=27136"}],"wp:term":[{"taxonomy":"category","embeddable":true,"href":"https:\/\/notitodo.com.mx\/wp\/wp-json\/wp\/v2\/categories?post=27136"},{"taxonomy":"post_tag","embeddable":true,"href":"https:\/\/notitodo.com.mx\/wp\/wp-json\/wp\/v2\/tags?post=27136"}],"curies":[{"name":"wp","href":"https:\/\/api.w.org\/{rel}","templated":true}]}}