{"id":26657,"date":"2018-01-20T05:35:24","date_gmt":"2018-01-20T05:35:24","guid":{"rendered":"http:\/\/notitodo.com.mx\/wp\/?p=26657"},"modified":"2018-01-20T05:35:24","modified_gmt":"2018-01-20T05:35:24","slug":"dan-por-terminada-licencia-de-la-diputada-imelda-beltran-amaya","status":"publish","type":"post","link":"https:\/\/notitodo.com.mx\/wp\/dan-por-terminada-licencia-de-la-diputada-imelda-beltran-amaya\/","title":{"rendered":"Dan por terminada licencia de la Diputada Imelda Beltr\u00e1n Amaya"},"content":{"rendered":"<p>Los integrantes de la Mesa Directiva de la Diputaci\u00f3n Permanente aprobaron dar por terminado el periodo de licencia que le fue otorgado a la Legisladora Imelda Beltr\u00e1n Amaya, el cual le fue otorgado el pasado 12 de enero del a\u00f1o en curso.<br \/>\nLa Diputada Imelda Beltr\u00e1n expuso que lo anterior, es debido a que no es necesario separarse de sus funciones como legisladora, por lo cual contin\u00faa como representante del Distrito 22, con cabecera en Guachochi.<br \/>\nLa Diputada Presidenta Karina Vel\u00e1zquez, fue quien present\u00f3 esta iniciativa.<!--more--><\/p>\n","protected":false},"excerpt":{"rendered":"<p>Los integrantes de la Mesa Directiva de la Diputaci\u00f3n Permanente aprobaron dar por terminado el periodo de licencia que le fue otorgado a la Legisladora Imelda Beltr\u00e1n Amaya, el cual le fue otorgado el pasado 12 de enero del a\u00f1o en curso. La Diputada Imelda Beltr\u00e1n expuso que lo anterior, es debido a que no [&hellip;]<\/p>\n","protected":false},"author":5,"featured_media":26658,"comment_status":"open","ping_status":"open","sticky":false,"template":"","format":"standard","meta":{"footnotes":""},"categories":[9],"tags":[],"class_list":["post-26657","post","type-post","status-publish","format-standard","has-post-thumbnail","hentry","category-locales"],"views":33,"_links":{"self":[{"href":"https:\/\/notitodo.com.mx\/wp\/wp-json\/wp\/v2\/posts\/26657","targetHints":{"allow":["GET"]}}],"collection":[{"href":"https:\/\/notitodo.com.mx\/wp\/wp-json\/wp\/v2\/posts"}],"about":[{"href":"https:\/\/notitodo.com.mx\/wp\/wp-json\/wp\/v2\/types\/post"}],"author":[{"embeddable":true,"href":"https:\/\/notitodo.com.mx\/wp\/wp-json\/wp\/v2\/users\/5"}],"replies":[{"embeddable":true,"href":"https:\/\/notitodo.com.mx\/wp\/wp-json\/wp\/v2\/comments?post=26657"}],"version-history":[{"count":1,"href":"https:\/\/notitodo.com.mx\/wp\/wp-json\/wp\/v2\/posts\/26657\/revisions"}],"predecessor-version":[{"id":26659,"href":"https:\/\/notitodo.com.mx\/wp\/wp-json\/wp\/v2\/posts\/26657\/revisions\/26659"}],"wp:featuredmedia":[{"embeddable":true,"href":"https:\/\/notitodo.com.mx\/wp\/wp-json\/wp\/v2\/media\/26658"}],"wp:attachment":[{"href":"https:\/\/notitodo.com.mx\/wp\/wp-json\/wp\/v2\/media?parent=26657"}],"wp:term":[{"taxonomy":"category","embeddable":true,"href":"https:\/\/notitodo.com.mx\/wp\/wp-json\/wp\/v2\/categories?post=26657"},{"taxonomy":"post_tag","embeddable":true,"href":"https:\/\/notitodo.com.mx\/wp\/wp-json\/wp\/v2\/tags?post=26657"}],"curies":[{"name":"wp","href":"https:\/\/api.w.org\/{rel}","templated":true}]}}