{"id":26633,"date":"2018-01-19T23:49:53","date_gmt":"2018-01-19T23:49:53","guid":{"rendered":"http:\/\/notitodo.com.mx\/wp\/?p=26633"},"modified":"2018-01-19T23:49:53","modified_gmt":"2018-01-19T23:49:53","slug":"llaman-a-sumarse-a-la-caravana-por-la-dignidad-y-detallan-recorrido-por-el-pais","status":"publish","type":"post","link":"https:\/\/notitodo.com.mx\/wp\/llaman-a-sumarse-a-la-caravana-por-la-dignidad-y-detallan-recorrido-por-el-pais\/","title":{"rendered":"Llaman a sumarse a la Caravana por la Dignidad y detallan recorrido por el pa\u00eds"},"content":{"rendered":"<p>&#8211; Pasar\u00e1 por 12 ciudades principales en itinerario de 16 d\u00edas; interesados pueden hablar o enviar mensaje de WhatsApp al Tel. 614 219 76 47. O consultar la p\u00e1gina www.unidosconvalor.gob.mx<\/p>\n<p>Bajo el lema \u201cS\u00famate en tu ciudad\u201d, la Caravana por la Dignidad Unidos con Valor, pasar\u00e1 en su recorrido de 16 d\u00edas por 12 de las principales ciudades del pa\u00eds, antes de llegar a la Ciudad de M\u00e9xico el 4 de febrero.<\/p>\n<p>La ruta inicia en Ju\u00e1rez este s\u00e1bado 20 de enero, pasar\u00e1 por Chihuahua el 21, en Meoqui-Delicias el 22, Camargo-Parral el 23, Parral-Jim\u00e9nez el 24, G\u00f3mez Palacio, Durango, el 25; Torre\u00f3n el 26, Saltillo-Monterrey el 27, de Zacatecas a Aguascalientes el 28, San Luis Potos\u00ed el 29, Le\u00f3n Guanajuato el 30 y cierra enero en Tepic, Nayarit el 31. Ya en febrero, estar\u00e1 en Guadalajara el 1, Morelia el 2, Cuernavaca el 3 y en la Ciudad de M\u00e9xico el 4 de febrero.<!--more--><\/p>\n<p>El coordinador ejecutivo de Gabinete, Gustavo Madero, acompa\u00f1ado de la secretaria de Desarrollo Municipal, Roc\u00edo Reza y del coordinador de Comunicaci\u00f3n Social, Antonio Pinedo, detall\u00f3 el recorrido y llam\u00f3 a los ciudadanos interesados en sumarse a la Caravana a que hablen o env\u00eden mensajes de WhatsApp al tel\u00e9fono 614 219 76 47.<\/p>\n<p>Se\u00f1al\u00f3 que la informaci\u00f3n sobre la Caravana se puede consultar en la p\u00e1gina www.unidosconvalor.gob.mx que brinda la ruta y las fechas que se incluyen en este recorrido, dentro del cual se respetar\u00e1n las leyes de tr\u00e1nsito y los l\u00edmites de velocidad.<\/p>\n<p>Madero destac\u00f3 que la principal fuerza de la Caravana es que se estar\u00e1 apalancado en recursos de los ciudadanos, no de los recursos p\u00fablicos, por lo cual se buscan apoyos privados para reducir al m\u00e1ximo el gasto oficial, adem\u00e1s de que se dormir\u00e1 en estadios, gimnasios y otros lugares proporcionados por apoyadores de la Caravana y que ser\u00e1n utilizados como albergues.<\/p>\n<p>Explic\u00f3 que la Caravana que partir\u00e1 del Puente Internacional C\u00f3rdova-Am\u00e9ricas (Puente Libre) se integrar\u00e1 por camiones y autom\u00f3viles, mientras que en las ciudades habr\u00e1 caminatas.<\/p>\n<p>Reiter\u00f3 que no se financiar\u00e1 a ning\u00fan particular y quien desea sumarse, deber\u00e1 hacerlo con sus propios recursos.<\/p>\n<p>Tambi\u00e9n hizo un llamado a que nadie se manifieste con publicidad de sus respectivos partidos, puesto que el movimiento es apartidista y cualquier expresi\u00f3n de esa \u00edndole, incluso a favor, desvirtuar\u00eda el sentido de la lucha.<\/p>\n<p>Gustavo Madero explic\u00f3 el origen de la Caravana y se\u00f1al\u00f3 que se trata de un ejercicio democr\u00e1tico, federalista, contra la corrupci\u00f3n y la impunidad.<\/p>\n<p>Agreg\u00f3 que adem\u00e1s de tener como objetivo central que se concrete la captura de C\u00e9sar Duarte para que responda ante la Justicia de Chihuahua, se trata de erradicar el uso discrecional de los recursos por parte de la Secretar\u00eda de Hacienda y Cr\u00e9dito P\u00fablico (SHCP).<\/p>\n<p>Consider\u00f3 que un escenario favorable para que Duarte sea procesado es que se d\u00e9 una deportaci\u00f3n, porque el exgobernador llegar\u00eda a Chihuahua directamente, no a la Ciudad de M\u00e9xico.<\/p>\n<p>Lament\u00f3 que la Procuradur\u00eda General de la Rep\u00fablica (PGR) haya anticipado de una manera inusual lo que har\u00eda respecto a la solicitud de extradici\u00f3n, ante los medios de comunicaci\u00f3n y en cadena nacional.<\/p>\n<p>Se\u00f1al\u00f3 que el anuncio gener\u00f3 suspicacias y que igual o m\u00e1s desconcertante fue la PGR que solamente hizo el tr\u00e1mite por 3 de las 11 \u00f3rdenes de aprehensi\u00f3n.<\/p>\n<p>\u201cDe acuerdo al Tratado de Extradici\u00f3n M\u00e9xico-Estados Unidos, las personas solamente podr\u00e1n ser juzgadas por los delitos que se presenten en la extradici\u00f3n, y si solamente lo extraditan por tres, lo estar\u00edan exonerando de las otras ocho \u00f3rdenes de aprehensi\u00f3n\u201d, explic\u00f3.<\/p>\n<p>Hizo un llamado para que el Gobierno de Estados Unidos no deporte a los denominados \u201cdreamers\u201d, sino a un delincuente que en M\u00e9xico debe responder por esas 11 \u00f3rdenes de aprehensi\u00f3n.<\/p>\n<p>Tambi\u00e9n llam\u00f3 al Presidente Enrique Pe\u00f1a Nieto para que se agilice la extradici\u00f3n y se consideren las otras ocho \u00f3rdenes de aprehensi\u00f3n.<\/p>\n<p>Madero destac\u00f3 la forma en que se ha discriminado a Chihuahua en el reparto del Fondo de Fortalecimiento Financiero.<\/p>\n<p>Inform\u00f3 que para septiembre de 2017 el Gobierno Federal ya hab\u00eda gastado m\u00e1s de 32 mil millones de ese fondo pero a Chihuahua solo le entreg\u00f3 61 millones, contra m\u00e1s de 5 mil millones que le tocaron al Estado de M\u00e9xico.<\/p>\n<p>\u201cAlgo de que deber\u00e1 quedar como resultado es la modificaci\u00f3n del pacto federal a mediano plazo, pero a la brevedad la extradici\u00f3n de C\u00e9sar Duarte y que se le resarzan los 900 millones de pesos (Hacienda hab\u00eda comprometido otros 120 mdp en enero, adem\u00e1s de los 780 mdp que cancel\u00f3 de diciembre) que le corresponden a Chihuahua\u201d, expres\u00f3.<\/p>\n","protected":false},"excerpt":{"rendered":"<p>&#8211; Pasar\u00e1 por 12 ciudades principales en itinerario de 16 d\u00edas; interesados pueden hablar o enviar mensaje de WhatsApp al Tel. 614 219 76 47. O consultar la p\u00e1gina www.unidosconvalor.gob.mx Bajo el lema \u201cS\u00famate en tu ciudad\u201d, la Caravana por la Dignidad Unidos con Valor, pasar\u00e1 en su recorrido de 16 d\u00edas por 12 de [&hellip;]<\/p>\n","protected":false},"author":5,"featured_media":26634,"comment_status":"open","ping_status":"open","sticky":false,"template":"","format":"standard","meta":{"footnotes":""},"categories":[9],"tags":[],"class_list":["post-26633","post","type-post","status-publish","format-standard","has-post-thumbnail","hentry","category-locales"],"views":57,"_links":{"self":[{"href":"https:\/\/notitodo.com.mx\/wp\/wp-json\/wp\/v2\/posts\/26633","targetHints":{"allow":["GET"]}}],"collection":[{"href":"https:\/\/notitodo.com.mx\/wp\/wp-json\/wp\/v2\/posts"}],"about":[{"href":"https:\/\/notitodo.com.mx\/wp\/wp-json\/wp\/v2\/types\/post"}],"author":[{"embeddable":true,"href":"https:\/\/notitodo.com.mx\/wp\/wp-json\/wp\/v2\/users\/5"}],"replies":[{"embeddable":true,"href":"https:\/\/notitodo.com.mx\/wp\/wp-json\/wp\/v2\/comments?post=26633"}],"version-history":[{"count":1,"href":"https:\/\/notitodo.com.mx\/wp\/wp-json\/wp\/v2\/posts\/26633\/revisions"}],"predecessor-version":[{"id":26635,"href":"https:\/\/notitodo.com.mx\/wp\/wp-json\/wp\/v2\/posts\/26633\/revisions\/26635"}],"wp:featuredmedia":[{"embeddable":true,"href":"https:\/\/notitodo.com.mx\/wp\/wp-json\/wp\/v2\/media\/26634"}],"wp:attachment":[{"href":"https:\/\/notitodo.com.mx\/wp\/wp-json\/wp\/v2\/media?parent=26633"}],"wp:term":[{"taxonomy":"category","embeddable":true,"href":"https:\/\/notitodo.com.mx\/wp\/wp-json\/wp\/v2\/categories?post=26633"},{"taxonomy":"post_tag","embeddable":true,"href":"https:\/\/notitodo.com.mx\/wp\/wp-json\/wp\/v2\/tags?post=26633"}],"curies":[{"name":"wp","href":"https:\/\/api.w.org\/{rel}","templated":true}]}}