{"id":24693,"date":"2017-12-20T18:48:37","date_gmt":"2017-12-20T18:48:37","guid":{"rendered":"http:\/\/notitodo.com.mx\/wp\/?p=24693"},"modified":"2017-12-20T18:48:37","modified_gmt":"2017-12-20T18:48:37","slug":"mario-ramirez-trevino-extraditado-a-estados-unidos","status":"publish","type":"post","link":"https:\/\/notitodo.com.mx\/wp\/mario-ramirez-trevino-extraditado-a-estados-unidos\/","title":{"rendered":"Mario Ram\u00edrez Trevi\u00f1o Extraditado a Estados Unidos"},"content":{"rendered":"<p>Ciudad de M\u00e9xico, 20 de diciembre de 2017 &#8212; El Departamento de Justicia ha dado a conocer que Mario Ram\u00edrez Trevi\u00f1o, conocido como \u201cMario Pel\u00f3n\u201d o \u201cX-20\u201d fue extraditado a los Estados Unidos el lunes 20 de diciembre. Est\u00e1 acusado de conspiraci\u00f3n por introducir mariguana y coca\u00edna a los Estados Unidos.  Ram\u00edrez Trevi\u00f1o fue arrestado por autoridades mexicanas el 17 de agosto de 2013.<\/p>\n<p>El Procurador General de Justicia Interino de la Divisi\u00f3n Criminal del Departamento de Justicia, John P. Cronan, dijo que \u201cesta importante extradici\u00f3n es resultado de nuestra s\u00f3lida relaci\u00f3n de procuraci\u00f3n de justicia con el Gobierno de M\u00e9xico y de los esfuerzos continuados del Departamento de Justicia para combatir el tr\u00e1fico internacional de estupefacientes\u201d.<\/p>\n<p>Por su parte, el Jefe de Operaciones de la Administraci\u00f3n para el Control de Drogas (DEA, por sus siglas en ingl\u00e9s), Anthony Williams, indic\u00f3 que \u201cla extradici\u00f3n de Mario Ram\u00edrez Trevi\u00f1o es otra demostraci\u00f3n de la sobresaliente asociaci\u00f3n que tenemos con el gobierno de M\u00e9xico. Apreciamos y reconocemos los esfuerzos significativos de nuestros socios mexicanos en hacer que prevalezca la justicia y en desmantelar las organizaciones de narcotraficantes\u2026\u201d.<\/p>\n","protected":false},"excerpt":{"rendered":"<p>Ciudad de M\u00e9xico, 20 de diciembre de 2017 &#8212; El Departamento de Justicia ha dado a conocer que Mario Ram\u00edrez Trevi\u00f1o, conocido como \u201cMario Pel\u00f3n\u201d o \u201cX-20\u201d fue extraditado a los Estados Unidos el lunes 20 de diciembre. Est\u00e1 acusado de conspiraci\u00f3n por introducir mariguana y coca\u00edna a los Estados Unidos. Ram\u00edrez Trevi\u00f1o fue arrestado [&hellip;]<\/p>\n","protected":false},"author":5,"featured_media":0,"comment_status":"open","ping_status":"open","sticky":false,"template":"","format":"standard","meta":{"footnotes":""},"categories":[6],"tags":[],"class_list":["post-24693","post","type-post","status-publish","format-standard","hentry","category-nacionales"],"views":39,"_links":{"self":[{"href":"https:\/\/notitodo.com.mx\/wp\/wp-json\/wp\/v2\/posts\/24693","targetHints":{"allow":["GET"]}}],"collection":[{"href":"https:\/\/notitodo.com.mx\/wp\/wp-json\/wp\/v2\/posts"}],"about":[{"href":"https:\/\/notitodo.com.mx\/wp\/wp-json\/wp\/v2\/types\/post"}],"author":[{"embeddable":true,"href":"https:\/\/notitodo.com.mx\/wp\/wp-json\/wp\/v2\/users\/5"}],"replies":[{"embeddable":true,"href":"https:\/\/notitodo.com.mx\/wp\/wp-json\/wp\/v2\/comments?post=24693"}],"version-history":[{"count":1,"href":"https:\/\/notitodo.com.mx\/wp\/wp-json\/wp\/v2\/posts\/24693\/revisions"}],"predecessor-version":[{"id":24694,"href":"https:\/\/notitodo.com.mx\/wp\/wp-json\/wp\/v2\/posts\/24693\/revisions\/24694"}],"wp:attachment":[{"href":"https:\/\/notitodo.com.mx\/wp\/wp-json\/wp\/v2\/media?parent=24693"}],"wp:term":[{"taxonomy":"category","embeddable":true,"href":"https:\/\/notitodo.com.mx\/wp\/wp-json\/wp\/v2\/categories?post=24693"},{"taxonomy":"post_tag","embeddable":true,"href":"https:\/\/notitodo.com.mx\/wp\/wp-json\/wp\/v2\/tags?post=24693"}],"curies":[{"name":"wp","href":"https:\/\/api.w.org\/{rel}","templated":true}]}}