{"id":24440,"date":"2017-12-18T18:23:54","date_gmt":"2017-12-18T18:23:54","guid":{"rendered":"http:\/\/notitodo.com.mx\/wp\/?p=24440"},"modified":"2017-12-18T18:23:54","modified_gmt":"2017-12-18T18:23:54","slug":"encuentran-44-inmigrantes-en-dos-camiones-refrigerados-en-texas","status":"publish","type":"post","link":"https:\/\/notitodo.com.mx\/wp\/encuentran-44-inmigrantes-en-dos-camiones-refrigerados-en-texas\/","title":{"rendered":"Encuentran 44 inmigrantes en dos camiones refrigerados en Texas"},"content":{"rendered":"<p>M\u00e1s de 40 inmigrantes de M\u00e9xico y Centroam\u00e9rica que viajaban dentro de dos camiones refrigerados fueron detenidos en un punto de revisi\u00f3n en el sur de Texas.<\/p>\n<p>A trav\u00e9s de un comunicado, la Oficina de Aduanas y Protecci\u00f3n Fronteriza indic\u00f3 que 19 inmigrantes fueron localizados el viernes por la ma\u00f1ana en el punto de revisi\u00f3n de Falfurrias. Horas despu\u00e9s y en el mismo lugar, agentes de la Patrulla Fronteriza revisaron otro cami\u00f3n y hallaron a 25 inmigrantes m\u00e1s.<\/p>\n<p>Robert Rodriguez, agente supervisor de la Patrulla Fronteriza, se\u00f1al\u00f3 el s\u00e1bado que<\/p>\n<p><!--more--><\/p>\n<p>ambos conductores fueron arrestados. Los investigadores tratan de determinar si los dos casos est\u00e1n relacionados.<\/p>\n<p>La temperatura en el interior de los veh\u00edculos rondaba los 7 grados Celsius (45 grados Fahrenheit). Nadie necesit\u00f3 atenci\u00f3n m\u00e9dica.<\/p>\n<p>Las 44 personas ser\u00e1n procesadas de acuerdo a su estatus migratorio, agreg\u00f3 Rodriguez. Se neg\u00f3 a ofrecer detalles sobre los inmigrantes, los cuales proceden de M\u00e9xico, El Salvador, Honduras y Guatemala.<\/p>\n<p>No se dio a conocer cu\u00e1l era el cargamento de los camiones.<br \/>\nfuente: excelsior<\/p>\n","protected":false},"excerpt":{"rendered":"<p>M\u00e1s de 40 inmigrantes de M\u00e9xico y Centroam\u00e9rica que viajaban dentro de dos camiones refrigerados fueron detenidos en un punto de revisi\u00f3n en el sur de Texas. A trav\u00e9s de un comunicado, la Oficina de Aduanas y Protecci\u00f3n Fronteriza indic\u00f3 que 19 inmigrantes fueron localizados el viernes por la ma\u00f1ana en el punto de revisi\u00f3n [&hellip;]<\/p>\n","protected":false},"author":5,"featured_media":24441,"comment_status":"open","ping_status":"open","sticky":false,"template":"","format":"standard","meta":{"footnotes":""},"categories":[6],"tags":[],"class_list":["post-24440","post","type-post","status-publish","format-standard","has-post-thumbnail","hentry","category-nacionales"],"views":20,"_links":{"self":[{"href":"https:\/\/notitodo.com.mx\/wp\/wp-json\/wp\/v2\/posts\/24440","targetHints":{"allow":["GET"]}}],"collection":[{"href":"https:\/\/notitodo.com.mx\/wp\/wp-json\/wp\/v2\/posts"}],"about":[{"href":"https:\/\/notitodo.com.mx\/wp\/wp-json\/wp\/v2\/types\/post"}],"author":[{"embeddable":true,"href":"https:\/\/notitodo.com.mx\/wp\/wp-json\/wp\/v2\/users\/5"}],"replies":[{"embeddable":true,"href":"https:\/\/notitodo.com.mx\/wp\/wp-json\/wp\/v2\/comments?post=24440"}],"version-history":[{"count":1,"href":"https:\/\/notitodo.com.mx\/wp\/wp-json\/wp\/v2\/posts\/24440\/revisions"}],"predecessor-version":[{"id":24442,"href":"https:\/\/notitodo.com.mx\/wp\/wp-json\/wp\/v2\/posts\/24440\/revisions\/24442"}],"wp:featuredmedia":[{"embeddable":true,"href":"https:\/\/notitodo.com.mx\/wp\/wp-json\/wp\/v2\/media\/24441"}],"wp:attachment":[{"href":"https:\/\/notitodo.com.mx\/wp\/wp-json\/wp\/v2\/media?parent=24440"}],"wp:term":[{"taxonomy":"category","embeddable":true,"href":"https:\/\/notitodo.com.mx\/wp\/wp-json\/wp\/v2\/categories?post=24440"},{"taxonomy":"post_tag","embeddable":true,"href":"https:\/\/notitodo.com.mx\/wp\/wp-json\/wp\/v2\/tags?post=24440"}],"curies":[{"name":"wp","href":"https:\/\/api.w.org\/{rel}","templated":true}]}}