{"id":23754,"date":"2017-12-11T14:55:57","date_gmt":"2017-12-11T14:55:57","guid":{"rendered":"http:\/\/notitodo.com.mx\/wp\/?p=23754"},"modified":"2017-12-11T14:55:57","modified_gmt":"2017-12-11T14:55:57","slug":"meten-zancadilla-a-ley-de-seguridad-pan-exige-cambios-se-iria-a-febrero","status":"publish","type":"post","link":"https:\/\/notitodo.com.mx\/wp\/meten-zancadilla-a-ley-de-seguridad-pan-exige-cambios-se-iria-a-febrero\/","title":{"rendered":"Meten zancadilla a Ley de Seguridad; PAN exige cambios; se ir\u00eda a febrero"},"content":{"rendered":"<p>La Ley de Seguridad Interior tropez\u00f3 en su proceso de aprobaci\u00f3n con la exigencia que hace el grupo parlamentario del PAN para realizar los cambios expresados por la oposici\u00f3n y organizaciones de la sociedad.<\/p>\n<p>Esta postura la pone en riesgo de ser regresada a la C\u00e1mara de Diputados y hasta de posponer su discusi\u00f3n en el Senado para el pr\u00f3ximo periodo de sesiones, que comienza en febrero, pues s\u00f3lo faltan cinco d\u00edas para concluir el actual.<\/p>\n<p>Mediante un comunicado, Fernando Herrera, coordinador de los senadores del PAN, asegur\u00f3 que la minuta debe ser perfeccionada porque no atiende la necesidad de ordenar las polic\u00edas con un sistema de mando mixto.<\/p>\n<p>Emilio Gamboa, coordinador de la fracci\u00f3n priista, asegur\u00f3 que esta semana habr\u00e1 una<\/p>\n<p><!--more--><\/p>\n<p>definici\u00f3n y que el PRI est\u00e1 dispuesto a abordar las propuestas de todos. No adelant\u00f3 si se har\u00e1n ajustes.<\/p>\n<p>AN quiere cambiar Ley de Seguridad Interior<\/p>\n<p>De realizarse las modificaciones, esa normatividad podr\u00eda ser revisada hasta el pr\u00f3ximo periodo de sesiones.<\/p>\n<p>A s\u00f3lo cinco d\u00edas de que termine el periodo ordinario de sesiones, el grupo parlamentario del PAN en el Senado le meti\u00f3 el pie al proceso legislativo de la Ley de Seguridad Interior, pues exigi\u00f3 que se hagan los cambios necesarios, lo cual implicar\u00e1 regresarla a la C\u00e1mara de Diputados y colocarla en la zona de llevarla hasta el pr\u00f3ximo periodo de sesiones, en febrero.<\/p>\n<p>Ayer, el coordinador de los senadores de PAN, Fernando Herrera, emiti\u00f3 un comunicado de prensa para exigir que el gobierno federal y el PRI muestren voluntad para atender las demandas de cambio expresadas por la oposici\u00f3n y organizaciones de la sociedad, en torno a la Ley de Seguridad Interior.<\/p>\n<p>Dijo que, sin duda, la minuta debe ser perfeccionada, porque se trata de un proyecto incompleto que no atiende, entre otras necesidades, la de ordenar las Polic\u00edas mediante un sistema de mando mixto; sin embargo, Fernando Herrera no precis\u00f3 qu\u00e9 art\u00edculos de la minuta deben ser modificados.<\/p>\n<p>En tanto, el coordinador de los senadores del PRI, Emilio Gamboa, inform\u00f3 que esta semana habr\u00e1 una definici\u00f3n sobre la Ley, aunque no adelant\u00f3 si el grupo mayoritario en el Senado est\u00e1 dispuesto a hacerle ajustes; sin embargo, por medio de un comunicado de prensa, dijo que el PRI est\u00e1 dispuesto a abordar las propuestas de todos los grupos parlamentarios respecto de los temas pendientes que se planea definir en esta semana.<\/p>\n<p>Por su parte, el grupo parlamentario del Partido del Trabajo exigi\u00f3 que el Senado abra una ronda de consulta p\u00fablica donde participen todas las organizaciones que se han opuesto a la Ley de Seguridad Interior, pero en lo invidual, ya que la semana pasada lo hicieron como un bloque de organizaciones, con lo que son las \u00fanicas que han tenido el mayor espacio de audiencia en el Senado.<\/p>\n<p>A su vez, el grupo parlamentario del PRD pidi\u00f3 que se frene el proceso legislatvo y se trabaje en otro planteamiento, que no implique riesgo alguno para los derechos de todos los mexicanos.<\/p>\n<p>\u201cCreo que tenemos que escuchar a las Fuerzas Armadas, por supuesto, hay coincidencia entre todas las fuerzas pol\u00edticas en el Senado de que debemos darle una norma a las Fuerzas Armadas para que act\u00faen conforme a la ley, pero como hemos dicho, no es esta minuta recibida de la C\u00e1mara de Diputados la que nos va a resolver.<\/p>\n<p>\u201cPero, a la par de que estamos discutiendo esto, tenemos que regresar a la discusi\u00f3n del tema de la seguridad p\u00fablica. Hay que recordar que simple y sencillamente desecharon la minuta que les enviamos del Senado a la C\u00e1mara de Diputados sobre el Mando Mixto, que es lo que nos dar\u00eda la normatividad en el pa\u00eds para la coordinaci\u00f3n de las polic\u00edas municipales, estatales y la federal\u201d, destac\u00f3 el coordinador de los senadores perredistas, Luis S\u00e1nchez.<\/p>\n<p>En la din\u00e1mica de trabajo del Congreso de la Uni\u00f3n, hacer cambios a una minuta, por parte de la C\u00e1mara revisora, en este caso el Senado, implicar\u00e1 que se regrese a la C\u00e1mara de origen, en este caso la C\u00e1mara de Diputados; ese proceso puede implicar varios d\u00edas y quedar\u00eda rebasado el periodo ordinario que termina el viernes, aunque si ambas c\u00e1maras logran un acuerdo, pueden acelerar el proceso y cumplir en tiempo.<\/p>\n<p>ENVUELTA EN LA POL\u00c9MICA<\/p>\n<p>Desde que fue planteada, hace poco m\u00e1s de un a\u00f1o, la Ley de Seguridad Interior ha sido blanco de cr\u00edticas.<\/p>\n<p>La Ley de Seguridad Interior plantea que las Fuerzas Armadas intervengan en casos de riesgo cuando las autoridades locales se vean superadas.<br \/>\nEstablece las condiciones para ello, y quienes la apoyan consideran que son controles para evitar abusos.<br \/>\nTambi\u00e9n se\u00f1alan que es un marco jur\u00eddico necesario para las labores de las Fuerzas Armadas en el combate al crimen.<br \/>\nLos detractores de la ley consideran que hay ambig\u00fcedad, ya que puede permitir que se cometan excesos e incluso derivar en la militarizaci\u00f3n del pa\u00eds.<br \/>\nLa normatividad fue presentada a finales del a\u00f1o pasado tanto por el PAN como por el PRI, pero no hab\u00eda sido discutida.<br \/>\nLa C\u00e1mara de Diputados retom\u00f3 el proceso legislativo y la aprob\u00f3 el 30 de noviembre con 248 votos en favor, 115 en contra y 48 abstenciones.<br \/>\nLa Ley fue enviada a la C\u00e1mara de Senadores, y desde ese momento organismos internacionales, de derechos humanos y organizaciones civiles se han manifestado en contra de que aprueben la Ley.<br \/>\nEl 5 y 6 de diciembre, la ONU pidi\u00f3 a los legisladores que la rechacen.<br \/>\nEl 7 y 8 de diciembre, los legisladores de las comisiones que la analizan se reunieron con integrantes de la sociedad civil para conocer sus opiniones.<br \/>\nEl 8 de diciembre, el presidente Enrique Pe\u00f1a Nieto exhort\u00f3 al Senado a abrir el debate sobre la Ley<br \/>\nUn d\u00eda despu\u00e9s, el Senado acept\u00f3 posponer su discusi\u00f3n.<br \/>\nINICIA MARAT\u00d3N DE CONSULTAS<br \/>\nLos legisladores se reunir\u00e1n con quienes est\u00e1n a favor y en contra de la Ley.<\/p>\n<p>El Senado realiza este lunes un marat\u00f3n de consultas sobre la Ley de Seguridad Interior, a fin de escuchar a todas las voces interesadas e involucradas, con gobernadores, quienes son los promotores de este nuevo entramado legal, un grupo de presidentes municipales y organizaciones sociales que apoyan esta ley.<\/p>\n<p>Y a petici\u00f3n del Partido del Trabajo, se recibir\u00e1 por tercera ocasi\u00f3n a las organizaciones civiles que se oponen y que la semana pasada tuvieron dos audiencias consecutivas.<\/p>\n<p>Desde el momento en que el Senado anunci\u00f3 al pleno que hab\u00eda recibido la minuta de la Ley de Seguridad Interior, las organizaciones civiles agrupadas en torno al movimiento #SeguridadSinGuerra se entrevistaron con la presidenta de la Junta de Coordinaci\u00f3n Pol\u00edtica, Ana Lilia Herrera, as\u00ed como los presidentes de las comisiones que tienen el proceso de dictamen: Cristina D\u00edaz, de Gobernacion; Fernando Torres Graciano, de Defensa Nacional; Ricardo Barroso, de Marina, y Benjam\u00edn Robles Montoya, de Estudios Legislativos Segunda.<\/p>\n<p>El di\u00e1logo se concret\u00f3 el martes mismo, a petici\u00f3n de la presidenta de la Comisi\u00f3n de Derechos Humanos, Ang\u00e9lica de la Pe\u00f1a; el mi\u00e9rcoles volvieron a ser recibidos, junto con la oficina en M\u00e9xico del Alto Comisionado de Naciones Unidas para los Derechos Humanos, y La Comisi\u00f3n Nacional de los Derechos Humanos, quienes contrastaron sus puntos de vista con el responsable del \u00e1rea jur\u00eddica de la Secretar\u00eda de la Defensa Nacional, el general Alejandro Ramos.<\/p>\n<p>El jueves fue recibido el comisionado presidente del Instituto Nacional de Acceso a la Informaci\u00f3n (INAI), Francisco Acu\u00f1a; tambi\u00e9n estuvo ese d\u00eda el general Ramos.<\/p>\n<p>La presidenta de la Comisi\u00f3n de Gobernaci\u00f3n, coordinadora de este proceso legislativo, inform\u00f3 que se escuchar\u00e1n diferentes posturas y se har\u00e1 la valoraci\u00f3n, a fin de definir los tiempos para la discusi\u00f3n en torno al dictamen de la Ley.<\/p>\n<p>En las audiencias p\u00fablicas de este lunes estar\u00e1n los presidentes de todas las comisiones que dictaminan, as\u00ed como sus integrantes y los senadores que tengan inter\u00e9s en seguir de primera mano los argumentos que esgriman las partes.<\/p>\n<p>Est\u00e1n programados los gobernadores, que son los principales promotores de la Ley, un grupo de presidentes municipales, organizaciones sociales que est\u00e1n en favor de ella y luego, nuevamente las organizaciones en contra.<\/p>\n<p>Ana Lilia Herrera dijo que \u201cel Senado es y seguir\u00e1 siendo un espacio de di\u00e1logo\u201d.<\/p>\n<p>Reconocen exhorto presidencial<\/p>\n<p>La Comisi\u00f3n Nacional de los Derechos Humanos (CNDH) reconoci\u00f3 el llamado del presidente Enrique Pe\u00f1a Nieto a la C\u00e1mara de Senadores para que ampl\u00ede los espacios de acercamiento e intercambio de ideas a efecto de que todas las voces sean escuchadas y enriquezcan el debate parlamentario de la iniciativa de la Ley de Seguridad Interior.<\/p>\n<p>Para el organismo nacional, el exhorto del Ejecutivo Federal es muestra de una voluntad pol\u00edtica que responde a los se\u00f1alamientos sobre la necesidad de ampliar el debate para permitir una discusi\u00f3n integral y objetiva de la iniciativa de ley.<br \/>\nfuente: excelsior<\/p>\n","protected":false},"excerpt":{"rendered":"<p>La Ley de Seguridad Interior tropez\u00f3 en su proceso de aprobaci\u00f3n con la exigencia que hace el grupo parlamentario del PAN para realizar los cambios expresados por la oposici\u00f3n y organizaciones de la sociedad. Esta postura la pone en riesgo de ser regresada a la C\u00e1mara de Diputados y hasta de posponer su discusi\u00f3n en [&hellip;]<\/p>\n","protected":false},"author":5,"featured_media":23755,"comment_status":"open","ping_status":"open","sticky":false,"template":"","format":"standard","meta":{"footnotes":""},"categories":[6],"tags":[],"class_list":["post-23754","post","type-post","status-publish","format-standard","has-post-thumbnail","hentry","category-nacionales"],"views":20,"_links":{"self":[{"href":"https:\/\/notitodo.com.mx\/wp\/wp-json\/wp\/v2\/posts\/23754","targetHints":{"allow":["GET"]}}],"collection":[{"href":"https:\/\/notitodo.com.mx\/wp\/wp-json\/wp\/v2\/posts"}],"about":[{"href":"https:\/\/notitodo.com.mx\/wp\/wp-json\/wp\/v2\/types\/post"}],"author":[{"embeddable":true,"href":"https:\/\/notitodo.com.mx\/wp\/wp-json\/wp\/v2\/users\/5"}],"replies":[{"embeddable":true,"href":"https:\/\/notitodo.com.mx\/wp\/wp-json\/wp\/v2\/comments?post=23754"}],"version-history":[{"count":1,"href":"https:\/\/notitodo.com.mx\/wp\/wp-json\/wp\/v2\/posts\/23754\/revisions"}],"predecessor-version":[{"id":23756,"href":"https:\/\/notitodo.com.mx\/wp\/wp-json\/wp\/v2\/posts\/23754\/revisions\/23756"}],"wp:featuredmedia":[{"embeddable":true,"href":"https:\/\/notitodo.com.mx\/wp\/wp-json\/wp\/v2\/media\/23755"}],"wp:attachment":[{"href":"https:\/\/notitodo.com.mx\/wp\/wp-json\/wp\/v2\/media?parent=23754"}],"wp:term":[{"taxonomy":"category","embeddable":true,"href":"https:\/\/notitodo.com.mx\/wp\/wp-json\/wp\/v2\/categories?post=23754"},{"taxonomy":"post_tag","embeddable":true,"href":"https:\/\/notitodo.com.mx\/wp\/wp-json\/wp\/v2\/tags?post=23754"}],"curies":[{"name":"wp","href":"https:\/\/api.w.org\/{rel}","templated":true}]}}