{"id":20638,"date":"2017-11-03T05:41:34","date_gmt":"2017-11-03T05:41:34","guid":{"rendered":"http:\/\/notitodo.com.mx\/wp\/?p=20638"},"modified":"2017-11-03T05:41:49","modified_gmt":"2017-11-03T05:41:49","slug":"listos-los-mas-de-200-mil-metros-cuadrados-donde-se-realizara-la-fiesta-del-globo-2017","status":"publish","type":"post","link":"https:\/\/notitodo.com.mx\/wp\/listos-los-mas-de-200-mil-metros-cuadrados-donde-se-realizara-la-fiesta-del-globo-2017\/","title":{"rendered":"Listos los m\u00e1s de 200 mil metros cuadrados donde se realizar\u00e1 la Fiesta del Globo 2017"},"content":{"rendered":"<p>El Gobierno Municipal a trav\u00e9s de la Direcci\u00f3n de Obras P\u00fablicas, realiz\u00f3 esta semana la preparaci\u00f3n del terreno para la \u201cFiesta del Globo 2017\u201d a realizarse este 4 y 5 de noviembre, en el aut\u00f3dromo de la Cantera y donde el departamento de Maquinaria Pesada realiz\u00f3 trabajos de retiro de escombro y maleza, limpieza de \u00e1reas diversas y nivelaci\u00f3n y preparaci\u00f3n de \u00e1reas aleda\u00f1as al aut\u00f3dromo que se<\/p>\n<p><!--more--><\/p>\n<p>espera albergar\u00e1 m\u00e1s de dos mil 500 veh\u00edculos por d\u00eda en el evento.<\/p>\n<p>Con una motoconformadora, retroexcavadora, minicargador y camiones de volteo se ha logrado limpiar un \u00e1rea de 208 mil metros cuadrados, equivalente a casi 800 canchas de basquetbol donde se alojar\u00e1 el evento de Globos m\u00e1s esperado, con un ambiente 100 porciento familiar y donde se espera la visita de m\u00e1s de 20 mil personas a este espect\u00e1culo.<\/p>\n<p>El Gobierno Municipal recuerda a los ciudadanos a tomar las precauciones necesarias para llegar al evento a tiempo, ya que el inflado de los globos iniciar\u00e1 a partir de las 6:30 de la ma\u00f1ana para finalmente partir alrededor de entre 7 y 8 de la ma\u00f1ana.<\/p>\n<p>De la misma forma invita a compartir los veh\u00edculos con familiares, amigos o vecinos para ayudar a que el tr\u00e1fico fluya mejor y haya menos contratiempos por exceso de veh\u00edculos, as\u00ed como tambi\u00e9n seguir las recomendaciones para las rutas alternas para evitar el \u00e1rea de trabajos de la gaza de perif\u00e9rico de la Juventud y avenida la Cantera.<\/p>\n","protected":false},"excerpt":{"rendered":"<p>El Gobierno Municipal a trav\u00e9s de la Direcci\u00f3n de Obras P\u00fablicas, realiz\u00f3 esta semana la preparaci\u00f3n del terreno para la \u201cFiesta del Globo 2017\u201d a realizarse este 4 y 5 de noviembre, en el aut\u00f3dromo de la Cantera y donde el departamento de Maquinaria Pesada realiz\u00f3 trabajos de retiro de escombro y maleza, limpieza de [&hellip;]<\/p>\n","protected":false},"author":5,"featured_media":20639,"comment_status":"open","ping_status":"open","sticky":false,"template":"","format":"standard","meta":{"footnotes":""},"categories":[9],"tags":[],"class_list":["post-20638","post","type-post","status-publish","format-standard","has-post-thumbnail","hentry","category-locales"],"views":44,"_links":{"self":[{"href":"https:\/\/notitodo.com.mx\/wp\/wp-json\/wp\/v2\/posts\/20638","targetHints":{"allow":["GET"]}}],"collection":[{"href":"https:\/\/notitodo.com.mx\/wp\/wp-json\/wp\/v2\/posts"}],"about":[{"href":"https:\/\/notitodo.com.mx\/wp\/wp-json\/wp\/v2\/types\/post"}],"author":[{"embeddable":true,"href":"https:\/\/notitodo.com.mx\/wp\/wp-json\/wp\/v2\/users\/5"}],"replies":[{"embeddable":true,"href":"https:\/\/notitodo.com.mx\/wp\/wp-json\/wp\/v2\/comments?post=20638"}],"version-history":[{"count":1,"href":"https:\/\/notitodo.com.mx\/wp\/wp-json\/wp\/v2\/posts\/20638\/revisions"}],"predecessor-version":[{"id":20640,"href":"https:\/\/notitodo.com.mx\/wp\/wp-json\/wp\/v2\/posts\/20638\/revisions\/20640"}],"wp:featuredmedia":[{"embeddable":true,"href":"https:\/\/notitodo.com.mx\/wp\/wp-json\/wp\/v2\/media\/20639"}],"wp:attachment":[{"href":"https:\/\/notitodo.com.mx\/wp\/wp-json\/wp\/v2\/media?parent=20638"}],"wp:term":[{"taxonomy":"category","embeddable":true,"href":"https:\/\/notitodo.com.mx\/wp\/wp-json\/wp\/v2\/categories?post=20638"},{"taxonomy":"post_tag","embeddable":true,"href":"https:\/\/notitodo.com.mx\/wp\/wp-json\/wp\/v2\/tags?post=20638"}],"curies":[{"name":"wp","href":"https:\/\/api.w.org\/{rel}","templated":true}]}}