{"id":18560,"date":"2017-10-03T18:09:56","date_gmt":"2017-10-03T18:09:56","guid":{"rendered":"http:\/\/notitodo.com.mx\/wp\/?p=18560"},"modified":"2017-10-03T18:09:56","modified_gmt":"2017-10-03T18:09:56","slug":"escucha-congreso-peticiones-de-la-sociedad-para-iniciativa-de-nueva-ley-de-adopcion","status":"publish","type":"post","link":"https:\/\/notitodo.com.mx\/wp\/escucha-congreso-peticiones-de-la-sociedad-para-iniciativa-de-nueva-ley-de-adopcion\/","title":{"rendered":"Escucha Congreso peticiones de la sociedad para iniciativa de nueva Ley de Adopci\u00f3n"},"content":{"rendered":"<div align=\"justify\">Con el prop\u00f3sito de escuchar las sugerencias y peticiones de los ciudadanos para enriquecer e iniciar con el estudio de un proyecto integral para una nueva Ley de Adopci\u00f3n, el Congreso del Estado llev\u00f3 a cabo el Foro denominado &#8220;El amor no est\u00e1 definido por el ADN\u201d, encabezado por el diputado Miguel Vallejo Lozano.<\/div>\n<div align=\"justify\"><\/div>\n<div align=\"justify\">En compa\u00f1\u00eda de Jos\u00e9 Luis Armend\u00e1riz, Presidente de la Comisi\u00f3n Estatal de Derechos Humanos y del Procurador de Ni\u00f1as, Ni\u00f1os y Adolescentes, Cesar Ju\u00e1rez, el legislador escuch\u00f3 las<\/div>\n<p><!--more--><\/p>\n<div align=\"justify\">\u00a0peticiones por parte de la sociedad civil, as\u00ed como de representantes del DIF estatal y p\u00fablico en general, respecto al proceso de adopci\u00f3n.<\/div>\n<div align=\"justify\"><\/div>\n<div align=\"justify\">As\u00ed mismo, explic\u00f3 que este evento se realiz\u00f3 con el objetivo de atender las inquietudes de interesados en realizar tr\u00e1mites en materia de adopci\u00f3n, y se han encontrado con una serie de obst\u00e1culos que les impiden concretar el proceso para adoptar a un hijo.<\/div>\n<div align=\"justify\"><\/div>\n<div align=\"justify\">\u201cHoy en M\u00e9xico ocupamos el segundo lugar en Latino Am\u00e9rica de familias que no pueden tener hijos y hay 1.5 millones de ni\u00f1os que no cuentan con una familia, para lo cual estas cifras nos llevan a la tarea de buscar conciliar una legislaci\u00f3n en la que se le d\u00e9 soluci\u00f3n a estos dos problemas de manera integral, para simplificar los tr\u00e1mites de adopci\u00f3n\u201d, expres\u00f3 el legislador.<\/div>\n<div align=\"justify\"><\/div>\n<div align=\"justify\">En su participaci\u00f3n, C\u00e9sar Ju\u00e1rez expres\u00f3 que es necesario buscar los mecanismos que aceleren el proceso de adopci\u00f3n y le brinden la protecci\u00f3n adecuada a las ni\u00f1as y ni\u00f1os; enfatiz\u00f3 en que se deben realizar adiciones y reformas a los c\u00f3digos que hay en materia de adopci\u00f3n, para dar agilidad al proceso.<\/div>\n<div align=\"justify\"><\/div>\n<div align=\"justify\">Para finalizar, Miguel Vallejo mencion\u00f3 que se le dar\u00e1 seguimiento a todas las propuestas y peticiones recabadas dentro del foro y se realizar\u00e1n m\u00e1s reuniones para concretar algo que sea para beneficio del tema de adopci\u00f3n.<\/div>\n<p>&nbsp;<\/p>\n","protected":false},"excerpt":{"rendered":"<p>Con el prop\u00f3sito de escuchar las sugerencias y peticiones de los ciudadanos para enriquecer e iniciar con el estudio de un proyecto integral para una nueva Ley de Adopci\u00f3n, el Congreso del Estado llev\u00f3 a cabo el Foro denominado &#8220;El amor no est\u00e1 definido por el ADN\u201d, encabezado por el diputado Miguel Vallejo Lozano. En [&hellip;]<\/p>\n","protected":false},"author":5,"featured_media":18561,"comment_status":"open","ping_status":"open","sticky":false,"template":"","format":"standard","meta":{"footnotes":""},"categories":[9],"tags":[],"class_list":["post-18560","post","type-post","status-publish","format-standard","has-post-thumbnail","hentry","category-locales"],"views":46,"_links":{"self":[{"href":"https:\/\/notitodo.com.mx\/wp\/wp-json\/wp\/v2\/posts\/18560","targetHints":{"allow":["GET"]}}],"collection":[{"href":"https:\/\/notitodo.com.mx\/wp\/wp-json\/wp\/v2\/posts"}],"about":[{"href":"https:\/\/notitodo.com.mx\/wp\/wp-json\/wp\/v2\/types\/post"}],"author":[{"embeddable":true,"href":"https:\/\/notitodo.com.mx\/wp\/wp-json\/wp\/v2\/users\/5"}],"replies":[{"embeddable":true,"href":"https:\/\/notitodo.com.mx\/wp\/wp-json\/wp\/v2\/comments?post=18560"}],"version-history":[{"count":1,"href":"https:\/\/notitodo.com.mx\/wp\/wp-json\/wp\/v2\/posts\/18560\/revisions"}],"predecessor-version":[{"id":18562,"href":"https:\/\/notitodo.com.mx\/wp\/wp-json\/wp\/v2\/posts\/18560\/revisions\/18562"}],"wp:featuredmedia":[{"embeddable":true,"href":"https:\/\/notitodo.com.mx\/wp\/wp-json\/wp\/v2\/media\/18561"}],"wp:attachment":[{"href":"https:\/\/notitodo.com.mx\/wp\/wp-json\/wp\/v2\/media?parent=18560"}],"wp:term":[{"taxonomy":"category","embeddable":true,"href":"https:\/\/notitodo.com.mx\/wp\/wp-json\/wp\/v2\/categories?post=18560"},{"taxonomy":"post_tag","embeddable":true,"href":"https:\/\/notitodo.com.mx\/wp\/wp-json\/wp\/v2\/tags?post=18560"}],"curies":[{"name":"wp","href":"https:\/\/api.w.org\/{rel}","templated":true}]}}