{"id":1779,"date":"2015-04-30T22:25:51","date_gmt":"2015-04-30T22:25:51","guid":{"rendered":"http:\/\/notitodo.com.mx\/wp\/?p=1779"},"modified":"2016-08-10T22:26:56","modified_gmt":"2016-08-10T22:26:56","slug":"seccion-42-abandera-y-entrega-uniformes-a-su-delegacion","status":"publish","type":"post","link":"https:\/\/notitodo.com.mx\/wp\/seccion-42-abandera-y-entrega-uniformes-a-su-delegacion\/","title":{"rendered":"Secci\u00f3n 42 abandera y entrega uniformes a su delegaci\u00f3n"},"content":{"rendered":"<p style=\"text-align: justify;\">\n<p style=\"text-align: justify;\">Compa\u00f1eros trabajadores de la educaci\u00f3n procedentes de todas las regiones sindicales de nuestro Estado, recibieron de manos del Secretario General, Ren\u00e9 Fr\u00edas Bencomo, los uniformes que <!--more-->habr\u00e1n de utilizar en las jornadas Art\u00edsticas, Culturales y Deportivas del Magisterio en su etapa prenacional, mismas que se desarrollar\u00e1n los d\u00edas 29 y 30 de abril en la ciudad de Hermosillo Sonora.<\/p>\n<p style=\"text-align: justify;\">Del mismo modo, Fr\u00edas Bencomo, entreg\u00f3 la bandera representativa de la organizaci\u00f3n sindical, a la vez de solicitar que la representen dignamente y con orgullo, \u201clos invito a dar su mejor esfuerzo en estos eventos, pero sobre todo, que lo hagan con respeto, disciplina y entusiasmo que los caracteriza\u201d, concluy\u00f3.<br \/>\nfuente:CR<\/p>\n","protected":false},"excerpt":{"rendered":"<p>Compa\u00f1eros trabajadores de la educaci\u00f3n procedentes de todas las regiones sindicales de nuestro Estado, recibieron de manos del Secretario General, Ren\u00e9 Fr\u00edas Bencomo, los uniformes que<\/p>\n","protected":false},"author":5,"featured_media":1780,"comment_status":"open","ping_status":"open","sticky":false,"template":"","format":"standard","meta":{"footnotes":""},"categories":[14],"tags":[],"class_list":["post-1779","post","type-post","status-publish","format-standard","has-post-thumbnail","hentry","category-sindicatos"],"views":3,"_links":{"self":[{"href":"https:\/\/notitodo.com.mx\/wp\/wp-json\/wp\/v2\/posts\/1779","targetHints":{"allow":["GET"]}}],"collection":[{"href":"https:\/\/notitodo.com.mx\/wp\/wp-json\/wp\/v2\/posts"}],"about":[{"href":"https:\/\/notitodo.com.mx\/wp\/wp-json\/wp\/v2\/types\/post"}],"author":[{"embeddable":true,"href":"https:\/\/notitodo.com.mx\/wp\/wp-json\/wp\/v2\/users\/5"}],"replies":[{"embeddable":true,"href":"https:\/\/notitodo.com.mx\/wp\/wp-json\/wp\/v2\/comments?post=1779"}],"version-history":[{"count":1,"href":"https:\/\/notitodo.com.mx\/wp\/wp-json\/wp\/v2\/posts\/1779\/revisions"}],"predecessor-version":[{"id":1782,"href":"https:\/\/notitodo.com.mx\/wp\/wp-json\/wp\/v2\/posts\/1779\/revisions\/1782"}],"wp:featuredmedia":[{"embeddable":true,"href":"https:\/\/notitodo.com.mx\/wp\/wp-json\/wp\/v2\/media\/1780"}],"wp:attachment":[{"href":"https:\/\/notitodo.com.mx\/wp\/wp-json\/wp\/v2\/media?parent=1779"}],"wp:term":[{"taxonomy":"category","embeddable":true,"href":"https:\/\/notitodo.com.mx\/wp\/wp-json\/wp\/v2\/categories?post=1779"},{"taxonomy":"post_tag","embeddable":true,"href":"https:\/\/notitodo.com.mx\/wp\/wp-json\/wp\/v2\/tags?post=1779"}],"curies":[{"name":"wp","href":"https:\/\/api.w.org\/{rel}","templated":true}]}}