{"id":16341,"date":"2017-08-31T20:12:53","date_gmt":"2017-08-31T20:12:53","guid":{"rendered":"http:\/\/notitodo.com.mx\/wp\/?p=16341"},"modified":"2017-08-31T20:12:53","modified_gmt":"2017-08-31T20:12:53","slug":"inicia-operaciones-la-telesecundaria-de-vistas-san-guillermo","status":"publish","type":"post","link":"https:\/\/notitodo.com.mx\/wp\/inicia-operaciones-la-telesecundaria-de-vistas-san-guillermo\/","title":{"rendered":"Inicia operaciones la Telesecundaria de Vistas San Guillermo"},"content":{"rendered":"<p>El alcalde de Aquiles Serd\u00e1n, Ariel Fern\u00e1ndez, destac\u00f3 el \u00e1nimo de los inscritos que se presentaron para sus primeras clases en las instalaciones de la telesecundaria, la cual se ir\u00e1 mejorando.<\/p>\n<p>La telesecundaria era una de las peticiones que por a\u00f1os hab\u00edan hecho los habitantes del sector, debido a que<\/p>\n<p><!--more--><\/p>\n<p>necesitaban alternativas para estudiar la secundaria.<\/p>\n<p>Vistas San Guillermo, en donde est\u00e1 la telesecundaria, pertenece al municipio de Aquiles Serd\u00e1n, pero debido a la cercan\u00eda con los fraccionamientos de Chihuahua, las instalaciones atienden a habitantes de ambos municipios.<\/p>\n","protected":false},"excerpt":{"rendered":"<p>El alcalde de Aquiles Serd\u00e1n, Ariel Fern\u00e1ndez, destac\u00f3 el \u00e1nimo de los inscritos que se presentaron para sus primeras clases en las instalaciones de la telesecundaria, la cual se ir\u00e1 mejorando. La telesecundaria era una de las peticiones que por a\u00f1os hab\u00edan hecho los habitantes del sector, debido a que<\/p>\n","protected":false},"author":5,"featured_media":16342,"comment_status":"open","ping_status":"open","sticky":false,"template":"","format":"standard","meta":{"footnotes":""},"categories":[15],"tags":[],"class_list":["post-16341","post","type-post","status-publish","format-standard","has-post-thumbnail","hentry","category-educacion"],"views":2,"_links":{"self":[{"href":"https:\/\/notitodo.com.mx\/wp\/wp-json\/wp\/v2\/posts\/16341","targetHints":{"allow":["GET"]}}],"collection":[{"href":"https:\/\/notitodo.com.mx\/wp\/wp-json\/wp\/v2\/posts"}],"about":[{"href":"https:\/\/notitodo.com.mx\/wp\/wp-json\/wp\/v2\/types\/post"}],"author":[{"embeddable":true,"href":"https:\/\/notitodo.com.mx\/wp\/wp-json\/wp\/v2\/users\/5"}],"replies":[{"embeddable":true,"href":"https:\/\/notitodo.com.mx\/wp\/wp-json\/wp\/v2\/comments?post=16341"}],"version-history":[{"count":1,"href":"https:\/\/notitodo.com.mx\/wp\/wp-json\/wp\/v2\/posts\/16341\/revisions"}],"predecessor-version":[{"id":16343,"href":"https:\/\/notitodo.com.mx\/wp\/wp-json\/wp\/v2\/posts\/16341\/revisions\/16343"}],"wp:featuredmedia":[{"embeddable":true,"href":"https:\/\/notitodo.com.mx\/wp\/wp-json\/wp\/v2\/media\/16342"}],"wp:attachment":[{"href":"https:\/\/notitodo.com.mx\/wp\/wp-json\/wp\/v2\/media?parent=16341"}],"wp:term":[{"taxonomy":"category","embeddable":true,"href":"https:\/\/notitodo.com.mx\/wp\/wp-json\/wp\/v2\/categories?post=16341"},{"taxonomy":"post_tag","embeddable":true,"href":"https:\/\/notitodo.com.mx\/wp\/wp-json\/wp\/v2\/tags?post=16341"}],"curies":[{"name":"wp","href":"https:\/\/api.w.org\/{rel}","templated":true}]}}