{"id":13939,"date":"2017-07-13T20:14:30","date_gmt":"2017-07-13T20:14:30","guid":{"rendered":"http:\/\/notitodo.com.mx\/wp\/?p=13939"},"modified":"2017-07-13T20:14:30","modified_gmt":"2017-07-13T20:14:30","slug":"anuncia-liliana-ibarra-que-en-las-guarderias-ya-podra-impartirse-el-primer-ano-de-kinder","status":"publish","type":"post","link":"https:\/\/notitodo.com.mx\/wp\/anuncia-liliana-ibarra-que-en-las-guarderias-ya-podra-impartirse-el-primer-ano-de-kinder\/","title":{"rendered":"Anuncia Liliana Ibarra que en las guarder\u00edas ya podr\u00e1 impartirse el primer a\u00f1o de k\u00ednder"},"content":{"rendered":"<p>La presidenta de la Comisi\u00f3n Especial de Atenci\u00f3n a Grupos Vulnerables, Liliana Ibarra, dio a conocer que desde hace 4 meses ha venido trabajando para la gesti\u00f3n de dos convenios en coordinaci\u00f3n con el Gobierno del Estado:<!--more--><\/p>\n<p>\u00b7 Aulas Hospitalarias, con el programa Sigamos Aprendiendo.<\/p>\n<p>\u00b7 Primer a\u00f1o de k\u00ednder en Guarder\u00edas que pertenecen al IMSS.<\/p>\n<p>Ibarra anunci\u00f3 que la gesti\u00f3n de las aulas, dentro del programa \u201cSigamos aprendiendo\u201d, est\u00e1 a\u00fan en labores; pero en lo que concierne al primer a\u00f1o de k\u00ednder en guarder\u00edas del IMSS, se logr\u00f3 dar un avance importante para los ni\u00f1os y los padres de familia.<\/p>\n<p>Agradeci\u00f3 a todos los involucrados para que esto fuera un hecho, ya que los trabajos se iniciaron en el Estado de Chihuahua, en coordinaci\u00f3n con el Instituto Mexicano del Seguro Social, espec\u00edficamente con el delegado Cristian Rodallegas y el jefe de servicios de salud en el trabajo Jos\u00e9 de la Luz Chac\u00f3n, as\u00ed como con Pablo Cuar\u00f3n y Cecilia Cuilty de la Secretar\u00eda de Educaci\u00f3n y Deporte.<\/p>\n<p>La legisladora de Acci\u00f3n Nacional resalt\u00f3 que estos convenios, por formalidad, son firmados por el Gobernador del Estado, pero reiter\u00f3 su compromiso con la sociedad chihuahuense.<\/p>\n<p>Bajo esa tesitura, cabe destacar que dentro de su comisi\u00f3n, Liliana Ibarra ha promovido la \u201cLey para Prevenir, Atender, Combatir y Erradicar la Trata de Personas en el Estado de Chihuahua\u201d, \u201cLey para el Desarrollo e Inclusi\u00f3n de las Personas con Discapacidad del Estado de Chihuahua\u201d y \u201cLey de Derechos de Personas Mayores para el Estado de Chihuahua\u201d.<\/p>\n<p>Mediante estas gestiones se pretende coordinar todas estas labores con las dependencias del Gobierno del Estado, con la finalidad de concretar acuerdos para el bien de la ciudadan\u00eda, ya que la poblaci\u00f3n vot\u00f3 por un cambio para llevar acciones con soluciones positivas para todas las familias de Chihuahua.<\/p>\n","protected":false},"excerpt":{"rendered":"<p>La presidenta de la Comisi\u00f3n Especial de Atenci\u00f3n a Grupos Vulnerables, Liliana Ibarra, dio a conocer que desde hace 4 meses ha venido trabajando para la gesti\u00f3n de dos convenios en coordinaci\u00f3n con el Gobierno del Estado:<\/p>\n","protected":false},"author":5,"featured_media":13940,"comment_status":"open","ping_status":"open","sticky":false,"template":"","format":"standard","meta":{"footnotes":""},"categories":[9],"tags":[],"class_list":["post-13939","post","type-post","status-publish","format-standard","has-post-thumbnail","hentry","category-locales"],"views":6,"_links":{"self":[{"href":"https:\/\/notitodo.com.mx\/wp\/wp-json\/wp\/v2\/posts\/13939","targetHints":{"allow":["GET"]}}],"collection":[{"href":"https:\/\/notitodo.com.mx\/wp\/wp-json\/wp\/v2\/posts"}],"about":[{"href":"https:\/\/notitodo.com.mx\/wp\/wp-json\/wp\/v2\/types\/post"}],"author":[{"embeddable":true,"href":"https:\/\/notitodo.com.mx\/wp\/wp-json\/wp\/v2\/users\/5"}],"replies":[{"embeddable":true,"href":"https:\/\/notitodo.com.mx\/wp\/wp-json\/wp\/v2\/comments?post=13939"}],"version-history":[{"count":1,"href":"https:\/\/notitodo.com.mx\/wp\/wp-json\/wp\/v2\/posts\/13939\/revisions"}],"predecessor-version":[{"id":13941,"href":"https:\/\/notitodo.com.mx\/wp\/wp-json\/wp\/v2\/posts\/13939\/revisions\/13941"}],"wp:featuredmedia":[{"embeddable":true,"href":"https:\/\/notitodo.com.mx\/wp\/wp-json\/wp\/v2\/media\/13940"}],"wp:attachment":[{"href":"https:\/\/notitodo.com.mx\/wp\/wp-json\/wp\/v2\/media?parent=13939"}],"wp:term":[{"taxonomy":"category","embeddable":true,"href":"https:\/\/notitodo.com.mx\/wp\/wp-json\/wp\/v2\/categories?post=13939"},{"taxonomy":"post_tag","embeddable":true,"href":"https:\/\/notitodo.com.mx\/wp\/wp-json\/wp\/v2\/tags?post=13939"}],"curies":[{"name":"wp","href":"https:\/\/api.w.org\/{rel}","templated":true}]}}