{"id":13876,"date":"2017-07-13T04:29:40","date_gmt":"2017-07-13T04:29:40","guid":{"rendered":"http:\/\/notitodo.com.mx\/wp\/?p=13876"},"modified":"2017-07-13T04:29:40","modified_gmt":"2017-07-13T04:29:40","slug":"llevara-gobierno-municipal-el-programa-el-patio-de-mi-casa-a-la-colonia-mezquites","status":"publish","type":"post","link":"https:\/\/notitodo.com.mx\/wp\/llevara-gobierno-municipal-el-programa-el-patio-de-mi-casa-a-la-colonia-mezquites\/","title":{"rendered":"Llevar\u00e1 Gobierno Municipal el programa &#8220;El Patio de Mi Casa\u201d a la colonia Mezquites"},"content":{"rendered":"<p>El Gobierno Municipal en conjunto con la Secretaria de Salud de Gobierno del Estado, a trav\u00e9s de la Regi\u00f3n Sanitaria n\u00famero 1, llevar\u00e1 el programa \u201cEl patio de mi casa\u201d a la colonia los Mezquites, en la calle S\u00e9ptima y Llano Grande, ma\u00f1ana 13 de julio de las 10:00 a las 13:00 horas, esto con el fin de ofecrer distintos servicios de salud y prevenci\u00f3n a los colonos.<\/p>\n<p>El titular de la Direcci\u00f3n de Desarrollo Humano y Educaci\u00f3n, Marco Bonilla explic\u00f3 que est\u00e1 ser\u00e1 la d\u00e9cima vez que se realiza el programa y asegur\u00f3 que<!--more--> se ha buscado dar prioridad a las zonas con casos de picadura de garrapata (rickettsia), esto atendiendo a las instrucciones de la alcaldesa, Maru Campos Galv\u00e1n.<\/p>\n<p>Durante el evento se realizan servicios de vacunaci\u00f3n garrapaticida para mascotas, destilichadero, fumigaci\u00f3n casa por casa, corte de cabello y un m\u00f3dulo de detecci\u00f3n de hipertensi\u00f3n y diabetes,<\/p>\n<p>Por lo que se invita a los vecinos del sector estar atentos de la llegada de personal del Gobierno Municipal, as\u00ed como anticiparse con la colocaci\u00f3n de tiliches sobre la banqueta la noche antes al programa, a fin de que el personal retire todos los objetos posibles.<\/p>\n","protected":false},"excerpt":{"rendered":"<p>El Gobierno Municipal en conjunto con la Secretaria de Salud de Gobierno del Estado, a trav\u00e9s de la Regi\u00f3n Sanitaria n\u00famero 1, llevar\u00e1 el programa \u201cEl patio de mi casa\u201d a la colonia los Mezquites, en la calle S\u00e9ptima y Llano Grande, ma\u00f1ana 13 de julio de las 10:00 a las 13:00 horas, esto con [&hellip;]<\/p>\n","protected":false},"author":5,"featured_media":13877,"comment_status":"open","ping_status":"open","sticky":false,"template":"","format":"standard","meta":{"footnotes":""},"categories":[9],"tags":[],"class_list":["post-13876","post","type-post","status-publish","format-standard","has-post-thumbnail","hentry","category-locales"],"views":19,"_links":{"self":[{"href":"https:\/\/notitodo.com.mx\/wp\/wp-json\/wp\/v2\/posts\/13876","targetHints":{"allow":["GET"]}}],"collection":[{"href":"https:\/\/notitodo.com.mx\/wp\/wp-json\/wp\/v2\/posts"}],"about":[{"href":"https:\/\/notitodo.com.mx\/wp\/wp-json\/wp\/v2\/types\/post"}],"author":[{"embeddable":true,"href":"https:\/\/notitodo.com.mx\/wp\/wp-json\/wp\/v2\/users\/5"}],"replies":[{"embeddable":true,"href":"https:\/\/notitodo.com.mx\/wp\/wp-json\/wp\/v2\/comments?post=13876"}],"version-history":[{"count":1,"href":"https:\/\/notitodo.com.mx\/wp\/wp-json\/wp\/v2\/posts\/13876\/revisions"}],"predecessor-version":[{"id":13878,"href":"https:\/\/notitodo.com.mx\/wp\/wp-json\/wp\/v2\/posts\/13876\/revisions\/13878"}],"wp:featuredmedia":[{"embeddable":true,"href":"https:\/\/notitodo.com.mx\/wp\/wp-json\/wp\/v2\/media\/13877"}],"wp:attachment":[{"href":"https:\/\/notitodo.com.mx\/wp\/wp-json\/wp\/v2\/media?parent=13876"}],"wp:term":[{"taxonomy":"category","embeddable":true,"href":"https:\/\/notitodo.com.mx\/wp\/wp-json\/wp\/v2\/categories?post=13876"},{"taxonomy":"post_tag","embeddable":true,"href":"https:\/\/notitodo.com.mx\/wp\/wp-json\/wp\/v2\/tags?post=13876"}],"curies":[{"name":"wp","href":"https:\/\/api.w.org\/{rel}","templated":true}]}}