{"id":123448,"date":"2024-03-20T23:02:00","date_gmt":"2024-03-21T05:02:00","guid":{"rendered":"https:\/\/notitodo.com.mx\/wp\/?p=123448"},"modified":"2024-03-20T23:02:00","modified_gmt":"2024-03-21T05:02:00","slug":"maynez-se-compromete-a-erradicar-la-violencia-en-las-carreteras-del-pais","status":"publish","type":"post","link":"https:\/\/notitodo.com.mx\/wp\/maynez-se-compromete-a-erradicar-la-violencia-en-las-carreteras-del-pais\/","title":{"rendered":"M\u00e1ynez se compromete a erradicar la violencia en las carreteras del pa\u00eds"},"content":{"rendered":"<p>Durante la Asamblea General Ordinaria 2024 de la CANACAR, el candidato presidencial de la banca naranja fue cuestionado por directivos de la c\u00e1mara sobre las acciones que tomar\u00eda en favor de los miles de transportistas que circulan a diario por las distintas carreteras de M\u00e9xico, ya que aseguran muchos de ellos han optado por abandonar este oficio por la inseguridad que viven a lo largo y ancho del pa\u00eds, adem\u00e1s de las malas condiciones en las que se <!--more-->encuentran las carreteras que ponen en riesgo su vida.<\/p>\n<p>Ante este cuestionamiento, \u00c1lvarez M\u00e1ynez coment\u00f3 que su propuesta de seguridad, adem\u00e1s del Modelo Nacional de Polic\u00eda, es poner al cargo de este proyecto a un experto que permita terminar con la inseguridad.<\/p>\n<p>\u201cLa persona que yo voy a proponer como Secretario de Justicia, porque vamos a hacer una reingenier\u00eda p\u00fablica con esta reforma, es Bernardo Le\u00f3n. Bernardo fue uno de los expertos, o de los principales expertos para agendar ese Modelo Nacional de Polic\u00eda, necesitamos a alguien como \u00e9l capaz de guiar este modelo, y tener resultados positivos&#8221;, refiri\u00f3 el candidato presidencial.<\/p>\n<p>M\u00e1s tarde, el abanderado naranja asisti\u00f3 a la Universidad La Salle para dialogar con los estudiantes, en donde se abordaron distintos temas como inseguridad, cambio clim\u00e1tico, salud, educaci\u00f3n, haciendo \u00e9nfasis en la equidad y violencia de g\u00e9nero en donde asegur\u00f3 que hay que entender que la igualdad de g\u00e9nero no es un asunto de hombres contra mujeres, sino algo que conviene a todos.<\/p>\n<p>&#8220;Me preocupa que las generaciones de las que ustedes son parte, se est\u00e9n polarizando por este tema porque es muy f\u00e1cil olvidar de d\u00f3nde venimos en el mundo, es muy f\u00e1cil olvidar que hace 70 a\u00f1os las mujeres no ten\u00edan derecho al voto y que la desigualdad que han vivido las mujeres es estructural y sist\u00e9mica&#8221;, puntualiz\u00f3.<\/p>\n<p>Por lo que entre sus propuestas destac\u00f3 un programa de justicia con perspectiva de g\u00e9nero, as\u00ed como seguir trabajando por la inclusi\u00f3n.<\/p>\n<p>PROPUESTAS A TRANSPORTISTAS:<\/p>\n<p>Academia Nacional de Polic\u00eda<br \/>\nPlan para mitigar la violencia que se vive en las carreteras<br \/>\nMejor la infraestructura de \u00e9stas con una inversi\u00f3n anual de 100 mdp<br \/>\nReingenier\u00eda p\u00fablica en el sistema de justicia<br \/>\nTambi\u00e9n puedes leer: Jorge \u00c1lvarez M\u00e1ynez se re\u00fane con la CANACAR<\/p>\n<p>fuente:excelsior<\/p>\n","protected":false},"excerpt":{"rendered":"<p>Durante la Asamblea General Ordinaria 2024 de la CANACAR, el candidato presidencial de la banca naranja fue cuestionado por directivos de la c\u00e1mara sobre las acciones que tomar\u00eda en favor de los miles de transportistas que circulan a diario por las distintas carreteras de M\u00e9xico, ya que aseguran muchos de ellos han optado por abandonar [&hellip;]<\/p>\n","protected":false},"author":5,"featured_media":123450,"comment_status":"closed","ping_status":"open","sticky":false,"template":"","format":"standard","meta":{"footnotes":""},"categories":[6],"tags":[],"class_list":["post-123448","post","type-post","status-publish","format-standard","has-post-thumbnail","hentry","category-nacionales"],"views":2,"_links":{"self":[{"href":"https:\/\/notitodo.com.mx\/wp\/wp-json\/wp\/v2\/posts\/123448","targetHints":{"allow":["GET"]}}],"collection":[{"href":"https:\/\/notitodo.com.mx\/wp\/wp-json\/wp\/v2\/posts"}],"about":[{"href":"https:\/\/notitodo.com.mx\/wp\/wp-json\/wp\/v2\/types\/post"}],"author":[{"embeddable":true,"href":"https:\/\/notitodo.com.mx\/wp\/wp-json\/wp\/v2\/users\/5"}],"replies":[{"embeddable":true,"href":"https:\/\/notitodo.com.mx\/wp\/wp-json\/wp\/v2\/comments?post=123448"}],"version-history":[{"count":1,"href":"https:\/\/notitodo.com.mx\/wp\/wp-json\/wp\/v2\/posts\/123448\/revisions"}],"predecessor-version":[{"id":123451,"href":"https:\/\/notitodo.com.mx\/wp\/wp-json\/wp\/v2\/posts\/123448\/revisions\/123451"}],"wp:featuredmedia":[{"embeddable":true,"href":"https:\/\/notitodo.com.mx\/wp\/wp-json\/wp\/v2\/media\/123450"}],"wp:attachment":[{"href":"https:\/\/notitodo.com.mx\/wp\/wp-json\/wp\/v2\/media?parent=123448"}],"wp:term":[{"taxonomy":"category","embeddable":true,"href":"https:\/\/notitodo.com.mx\/wp\/wp-json\/wp\/v2\/categories?post=123448"},{"taxonomy":"post_tag","embeddable":true,"href":"https:\/\/notitodo.com.mx\/wp\/wp-json\/wp\/v2\/tags?post=123448"}],"curies":[{"name":"wp","href":"https:\/\/api.w.org\/{rel}","templated":true}]}}