{"id":122382,"date":"2023-11-14T01:08:50","date_gmt":"2023-11-14T01:08:50","guid":{"rendered":"https:\/\/notitodo.com.mx\/wp\/?p=122382"},"modified":"2023-11-14T01:08:50","modified_gmt":"2023-11-14T01:08:50","slug":"invita-dif-municipal-a-ser-parte-de-los-huertos-familiares-en-cedefams","status":"publish","type":"post","link":"https:\/\/notitodo.com.mx\/wp\/invita-dif-municipal-a-ser-parte-de-los-huertos-familiares-en-cedefams\/","title":{"rendered":"Invita DIF Municipal a ser parte de los Huertos Familiares en CEDEFAMS"},"content":{"rendered":"<p>Chihuahua, Chih. A 13 de noviembre de 2023.- En atenci\u00f3n al compromiso del alcalde Marco Bonilla, de contar con espacios para la convivencia en familia y el fortalecimiento de la misma, el Gobierno Municipal, a trav\u00e9s del DIF, invita a las familias de Chihuahua Capital a ser parte del curso: Huertos Familiares, que se impartir\u00e1 en los seis Centros de Desarrollo Familiar (CEDEFAM).<\/p>\n<p><!--more--><\/p>\n<p>En colaboraci\u00f3n con la empresa chihuahuense Ambient, en este curso semanal de cinco sesiones, las familias aprender\u00e1n a cultivar sus propios alimentos en casa. Al t\u00e9rmino del curso obtendr\u00e1n los frutos de su siembra, mismos que se emplear\u00e1n en la elaboraci\u00f3n de alimentos para la muestra final del taller.<\/p>\n<p>Los horarios en los que \u201cHuertos Familiares\u201d ser\u00e1 impartido, en cada uno de los seis CEDEFAM, son los siguientes:<\/p>\n<p>\u00b7 Vallarta:<\/p>\n<p>Lunes 13 de noviembre, de 4:00 pm a 6:00 pm<\/p>\n<p>\u00b7 Valle Dorado:<\/p>\n<p>Martes 14 de noviembre, de 4:00 pm a 6:00 pm<\/p>\n<p>\u00b7 Palestina:<\/p>\n<p>Mi\u00e9rcoles 15, de 4:00 pm a 6:00 pm<\/p>\n<p>\u00b7 2 de Junio:<\/p>\n<p>Jueves 16 de noviembre, de 4:00 pm a 6:00 pm<\/p>\n<p>\u00b7 Porvenir:<\/p>\n<p>Viernes 17 de noviembre, de 4:00 pm a 6:00 pm<\/p>\n<p>\u00b7Punta Oriente:<\/p>\n<p>S\u00e1bado 18, de 10:00 am a 12:00 pm<\/p>\n<p>Se reitera a las familias que el curso consta de cinco sesiones semanales. Asimismo, el cupo es limitado a 10 familias en cada CEDEFAM, por lo que se exhorta a las y los interesados a registrarse en su CEDEFM m\u00e1s cercano o bien, comunicarse al 614-200-48-00, en la extensi\u00f3n 2206 para conocer m\u00e1s informaci\u00f3n.<\/p>\n<p>AUDIO<\/p>\n","protected":false},"excerpt":{"rendered":"<p>Chihuahua, Chih. A 13 de noviembre de 2023.- En atenci\u00f3n al compromiso del alcalde Marco Bonilla, de contar con espacios para la convivencia en familia y el fortalecimiento de la misma, el Gobierno Municipal, a trav\u00e9s del DIF, invita a las familias de Chihuahua Capital a ser parte del curso: Huertos Familiares, que se impartir\u00e1 [&hellip;]<\/p>\n","protected":false},"author":12,"featured_media":122384,"comment_status":"closed","ping_status":"open","sticky":false,"template":"","format":"standard","meta":{"footnotes":""},"categories":[9],"tags":[],"class_list":["post-122382","post","type-post","status-publish","format-standard","has-post-thumbnail","hentry","category-locales"],"views":5,"_links":{"self":[{"href":"https:\/\/notitodo.com.mx\/wp\/wp-json\/wp\/v2\/posts\/122382","targetHints":{"allow":["GET"]}}],"collection":[{"href":"https:\/\/notitodo.com.mx\/wp\/wp-json\/wp\/v2\/posts"}],"about":[{"href":"https:\/\/notitodo.com.mx\/wp\/wp-json\/wp\/v2\/types\/post"}],"author":[{"embeddable":true,"href":"https:\/\/notitodo.com.mx\/wp\/wp-json\/wp\/v2\/users\/12"}],"replies":[{"embeddable":true,"href":"https:\/\/notitodo.com.mx\/wp\/wp-json\/wp\/v2\/comments?post=122382"}],"version-history":[{"count":1,"href":"https:\/\/notitodo.com.mx\/wp\/wp-json\/wp\/v2\/posts\/122382\/revisions"}],"predecessor-version":[{"id":122385,"href":"https:\/\/notitodo.com.mx\/wp\/wp-json\/wp\/v2\/posts\/122382\/revisions\/122385"}],"wp:featuredmedia":[{"embeddable":true,"href":"https:\/\/notitodo.com.mx\/wp\/wp-json\/wp\/v2\/media\/122384"}],"wp:attachment":[{"href":"https:\/\/notitodo.com.mx\/wp\/wp-json\/wp\/v2\/media?parent=122382"}],"wp:term":[{"taxonomy":"category","embeddable":true,"href":"https:\/\/notitodo.com.mx\/wp\/wp-json\/wp\/v2\/categories?post=122382"},{"taxonomy":"post_tag","embeddable":true,"href":"https:\/\/notitodo.com.mx\/wp\/wp-json\/wp\/v2\/tags?post=122382"}],"curies":[{"name":"wp","href":"https:\/\/api.w.org\/{rel}","templated":true}]}}