{"id":116971,"date":"2023-01-17T21:52:22","date_gmt":"2023-01-17T21:52:22","guid":{"rendered":"https:\/\/notitodo.com.mx\/wp\/?p=116971"},"modified":"2023-01-17T21:52:22","modified_gmt":"2023-01-17T21:52:22","slug":"invita-municipio-a-inscribirte-al-taller-documental-en-tiempos-de-austeridad","status":"publish","type":"post","link":"https:\/\/notitodo.com.mx\/wp\/invita-municipio-a-inscribirte-al-taller-documental-en-tiempos-de-austeridad\/","title":{"rendered":"Invita Municipio a inscribirte al taller &#8220;Documental en Tiempos de Austeridad&#8221;"},"content":{"rendered":"<p>El Gobierno Municipal, a trav\u00e9s de su Instituto de Cultura, te invitan a formar parte del taller denominado \u201cDocumental en Tiempos de Austeridad\u201d, el cual se llevar\u00e1 del 23 al 27 de enero en las instalaciones de la Mediateca Municipal, ubicada en la avenida Te\u00f3filo Borunda n\u00famero 1617, en un horario de 15:00 a 19:00 horas.<br \/>\n<!--more--><\/p>\n<p>Los participantes podr\u00e1n desarrollar las herramientas esenciales para la realizaci\u00f3n de un documental, logrando identificar factores t\u00e9cnicos, as\u00ed como contar una historia a trav\u00e9s de los medios audiovisuales, de una manera sencilla y con pocos recursos. Esta capacitaci\u00f3n ser\u00e1 impartida por el productor audiovisual, Sergio Arvizo L\u00f3pez, quien fue uno de los ganadores del Fondo Municipal para Artistas y Creadores (FOMAC), en su 5ta emisi\u00f3n.<\/p>\n<p>Si te interesa formar parte de este taller, debes inscribirte a trav\u00e9s del siguiente enlace: https:\/\/bit.ly\/TALLERD0CUMENTAL2023. Es importante mencionar que quienes deseen participar deben contar con una edad de 15 a\u00f1os en adelante, tener celular con c\u00e1mara, adem\u00e1s de llevar consigo una libreta para notas.<\/p>\n<p>Cabe destacar que Sergio Arvizo L\u00f3pez inici\u00f3 a crear contenido a sus 17 a\u00f1os y ahora es productor independiente, comprometido con la escena local y nacional, ha participado en productoras independientes y televisoras de la Ciudad de M\u00e9xico y Chihuahua y de igual manera, ha colaborado en giras art\u00edsticas nacionales, produciendo documentales y videos musicales.<\/p>\n<p>Asimismo, el productor audiovisual ha trabajado en proyectos teatrales para diversas compa\u00f1\u00edas locales y nacionales, adem\u00e1s, es creador de contenido para proyectos musicales, art\u00edsticos, empresas, gobierno y asociaciones civiles. Actualmente es socio y fundador de Trompeta Films.<\/p>\n","protected":false},"excerpt":{"rendered":"<p>El Gobierno Municipal, a trav\u00e9s de su Instituto de Cultura, te invitan a formar parte del taller denominado \u201cDocumental en Tiempos de Austeridad\u201d, el cual se llevar\u00e1 del 23 al 27 de enero en las instalaciones de la Mediateca Municipal, ubicada en la avenida Te\u00f3filo Borunda n\u00famero 1617, en un horario de 15:00 a 19:00 [&hellip;]<\/p>\n","protected":false},"author":12,"featured_media":116973,"comment_status":"closed","ping_status":"open","sticky":false,"template":"","format":"standard","meta":{"footnotes":""},"categories":[9],"tags":[],"class_list":["post-116971","post","type-post","status-publish","format-standard","has-post-thumbnail","hentry","category-locales"],"views":11,"_links":{"self":[{"href":"https:\/\/notitodo.com.mx\/wp\/wp-json\/wp\/v2\/posts\/116971","targetHints":{"allow":["GET"]}}],"collection":[{"href":"https:\/\/notitodo.com.mx\/wp\/wp-json\/wp\/v2\/posts"}],"about":[{"href":"https:\/\/notitodo.com.mx\/wp\/wp-json\/wp\/v2\/types\/post"}],"author":[{"embeddable":true,"href":"https:\/\/notitodo.com.mx\/wp\/wp-json\/wp\/v2\/users\/12"}],"replies":[{"embeddable":true,"href":"https:\/\/notitodo.com.mx\/wp\/wp-json\/wp\/v2\/comments?post=116971"}],"version-history":[{"count":1,"href":"https:\/\/notitodo.com.mx\/wp\/wp-json\/wp\/v2\/posts\/116971\/revisions"}],"predecessor-version":[{"id":116974,"href":"https:\/\/notitodo.com.mx\/wp\/wp-json\/wp\/v2\/posts\/116971\/revisions\/116974"}],"wp:featuredmedia":[{"embeddable":true,"href":"https:\/\/notitodo.com.mx\/wp\/wp-json\/wp\/v2\/media\/116973"}],"wp:attachment":[{"href":"https:\/\/notitodo.com.mx\/wp\/wp-json\/wp\/v2\/media?parent=116971"}],"wp:term":[{"taxonomy":"category","embeddable":true,"href":"https:\/\/notitodo.com.mx\/wp\/wp-json\/wp\/v2\/categories?post=116971"},{"taxonomy":"post_tag","embeddable":true,"href":"https:\/\/notitodo.com.mx\/wp\/wp-json\/wp\/v2\/tags?post=116971"}],"curies":[{"name":"wp","href":"https:\/\/api.w.org\/{rel}","templated":true}]}}