{"id":116231,"date":"2022-12-17T20:11:47","date_gmt":"2022-12-17T20:11:47","guid":{"rendered":"https:\/\/notitodo.com.mx\/wp\/?p=116231"},"modified":"2022-12-17T20:11:47","modified_gmt":"2022-12-17T20:11:47","slug":"inicia-tianguis-navideno-en-el-parque-el-palomar","status":"publish","type":"post","link":"https:\/\/notitodo.com.mx\/wp\/inicia-tianguis-navideno-en-el-parque-el-palomar\/","title":{"rendered":"Inicia \u201cTianguis Navide\u00f1o\u201d en el Parque El Palomar"},"content":{"rendered":"<p>El Tianguis Navide\u00f1o, evento organizado por el Gobierno Municipal de Chihuahua a trav\u00e9s de la Direcci\u00f3n de Desarrollo Econ\u00f3mico y Competitividad en colaboraci\u00f3n con la C\u00e1mara Nacional de Comercio Chihuahua, dio inicio con la participaci\u00f3n de m\u00e1s de 100 productores locales.<\/p>\n<p>Los emprendedores, tendr\u00e1n a la venta artesan\u00edas, ropa confeccionada, bolsas y<\/p>\n<p><!--more--><\/p>\n<p>productos de piel, dulces, joyer\u00eda, productos nacionales, ropa para mascotas, miel, carne seca, tejidos entre otros productos.<\/p>\n<p>El evento de tem\u00e1tica navide\u00f1a se llevar\u00e1 a cabo del 16 hasta el 18 de diciembre en el Parque El Palomar de 12:00 a 19:00 horas, adem\u00e1s el d\u00eda 17 de diciembre las familias podr\u00e1n disfrutar de la obra \u201cUn cuento de Navidad Improvisado\u201d a partir de las 18:00 horas.<\/p>\n<p>Este esfuerzo conjunto de emprendedores, productores y Gobierno Municipal de Chihuahua es un ejemplo del impulso que se le da al comercio y fortalecimiento de las micro, medianas y grandes empresas, as\u00ed como una oportunidad para las familias de chihuahuenses de realizar sus compras decembrinas.<\/p>\n","protected":false},"excerpt":{"rendered":"<p>El Tianguis Navide\u00f1o, evento organizado por el Gobierno Municipal de Chihuahua a trav\u00e9s de la Direcci\u00f3n de Desarrollo Econ\u00f3mico y Competitividad en colaboraci\u00f3n con la C\u00e1mara Nacional de Comercio Chihuahua, dio inicio con la participaci\u00f3n de m\u00e1s de 100 productores locales. Los emprendedores, tendr\u00e1n a la venta artesan\u00edas, ropa confeccionada, bolsas y<\/p>\n","protected":false},"author":12,"featured_media":116233,"comment_status":"closed","ping_status":"open","sticky":false,"template":"","format":"standard","meta":{"footnotes":""},"categories":[9],"tags":[],"class_list":["post-116231","post","type-post","status-publish","format-standard","has-post-thumbnail","hentry","category-locales"],"views":15,"_links":{"self":[{"href":"https:\/\/notitodo.com.mx\/wp\/wp-json\/wp\/v2\/posts\/116231","targetHints":{"allow":["GET"]}}],"collection":[{"href":"https:\/\/notitodo.com.mx\/wp\/wp-json\/wp\/v2\/posts"}],"about":[{"href":"https:\/\/notitodo.com.mx\/wp\/wp-json\/wp\/v2\/types\/post"}],"author":[{"embeddable":true,"href":"https:\/\/notitodo.com.mx\/wp\/wp-json\/wp\/v2\/users\/12"}],"replies":[{"embeddable":true,"href":"https:\/\/notitodo.com.mx\/wp\/wp-json\/wp\/v2\/comments?post=116231"}],"version-history":[{"count":1,"href":"https:\/\/notitodo.com.mx\/wp\/wp-json\/wp\/v2\/posts\/116231\/revisions"}],"predecessor-version":[{"id":116234,"href":"https:\/\/notitodo.com.mx\/wp\/wp-json\/wp\/v2\/posts\/116231\/revisions\/116234"}],"wp:featuredmedia":[{"embeddable":true,"href":"https:\/\/notitodo.com.mx\/wp\/wp-json\/wp\/v2\/media\/116233"}],"wp:attachment":[{"href":"https:\/\/notitodo.com.mx\/wp\/wp-json\/wp\/v2\/media?parent=116231"}],"wp:term":[{"taxonomy":"category","embeddable":true,"href":"https:\/\/notitodo.com.mx\/wp\/wp-json\/wp\/v2\/categories?post=116231"},{"taxonomy":"post_tag","embeddable":true,"href":"https:\/\/notitodo.com.mx\/wp\/wp-json\/wp\/v2\/tags?post=116231"}],"curies":[{"name":"wp","href":"https:\/\/api.w.org\/{rel}","templated":true}]}}